{"id":1220,"date":"2018-06-29T18:24:39","date_gmt":"2018-06-29T22:24:39","guid":{"rendered":"http:\/\/nueva.cchen.cl\/?p=1220"},"modified":"2018-10-09T18:25:39","modified_gmt":"2018-10-09T22:25:39","slug":"representantes-de-america-latina-y-el-caribe-se-capacitaron-en-chile-sobre-derecho-nuclear","status":"publish","type":"post","link":"https:\/\/www.cchen.cl\/?p=1220","title":{"rendered":"Representantes de Am\u00e9rica Latina y el Caribe se capacitaron en Chile sobre derecho nuclear"},"content":{"rendered":"<p>El Organismo Internacional de Energ\u00eda At\u00f3mica (OIEA) y la Comisi\u00f3n Chilena de Energ\u00eda Nuclear (<abbr class='c2c-text-hover' title='Comisi\u00f3n Chilena de Energ\u00eda Nuclear.'>CCHEN<\/abbr>) organizaron el Taller Regional sobre Derecho Nuclear para Am\u00e9rica Latina y el Caribe, en el marco del proyecto (INT0096) denominado \u201cEstablecimiento y mejora de los marcos jur\u00eddicos nacionales para el uso seguro y pac\u00edfico de la energ\u00eda nuclear y la radiaci\u00f3n ionizante\u201d, realizado del 25 al 29 de junio.<\/p>\n<p>As\u00ed, m\u00e1s de 30 representantes de Antigua y Barbuda, Argentina, Bahamas, Bolivia, Colombia, Costa Rica, Cuba, Rep\u00fablica Dominicana, El Salvador, Guatemala, Jamaica, M\u00e9xico, Nicaragua, Per\u00fa, Trinidad y Tobago, Uruguay, Venezuela y Chile, se informaron sobre aspectos clave del derecho nuclear y revisaron los instrumentos jur\u00eddicos internacionales que aplican a este \u00e1mbito, adem\u00e1s de las \u00faltimas novedades en la materia.<\/p>\n<p>Cabe destacar que, representando al OIEA, asistieron Mar\u00eda de Lourdes Vez, Fanny Tonos, adem\u00e1s de los expertos del mismo Organismo, Cristina Dom\u00ednguez y David McCauley, quienes participaron junto al equipo internacional en las exposiciones, mesas redondas y reuniones bilaterales efectuadas en el Centro de Estudios Nucleares (CEN) La Reina de la <abbr class='c2c-text-hover' title='Comisi\u00f3n Chilena de Energ\u00eda Nuclear.'>CCHEN<\/abbr>.<\/p>\n<p><strong>Experiencias<\/strong><\/p>\n<p>Una de las participantes, Susan Jarvis, del Ministerio de Justicia y Asuntos Legales de Antigua y Barbuda, agradeci\u00f3 la hospitalidad y la oportunidad de haber asistido, y agreg\u00f3 que \u201cme voy feliz porque fue una jornada muy enriquecedora, que me permiti\u00f3 conocer la realidad de muchos pa\u00edses que est\u00e1n en la misma fase incipiente en la que nos encontramos nosotros en materia nuclear, lo que nos hace sentir que no estamos solos en esto; y aprendimos de otros pa\u00edses que ya han recorrido un largo camino, por lo que hay mucha experiencia e informaci\u00f3n para compartir\u201d.<\/p>\n<p>Por su parte, Danny L\u00f3pez, Director General de Asuntos Jur\u00eddicos del Ministerio de Energ\u00edas de Bolivia, destac\u00f3 que \u201ceste encuentro posibilit\u00f3 estandarizar criterios, compartir experiencias, aprender de las legislaciones de otros pa\u00edses y, adem\u00e1s, nos dio la oportunidad de construir una red de contactos importante, con miras a hacer encuentros peri\u00f3dicos que nos permitan ir evaluando avances. Nos vamos contentos y satisfechos, hasta una nueva oportunidad\u201d.<\/p>\n<p>En tanto, Gloria Z\u00e1rate, jefa de la Oficina de Asesor\u00eda Jur\u00eddica de la <abbr class='c2c-text-hover' title='Comisi\u00f3n Chilena de Energ\u00eda Nuclear.'>CCHEN<\/abbr>, puntualiz\u00f3 que \u00abcomo contraparte de este proyecto y encargada del taller, me parece importante destacar su relevancia, puesto que busc\u00f3 sensibilizar a diversos pa\u00edses, con diferentes desarrollos, no solo en materia nuclear y radiol\u00f3gica, sino que tambi\u00e9n desde el punto de vista legal, sobre todo en lo que respecta a la importancia de contar con un marco jur\u00eddico adecuado, cuyos pilares sean la seguridad t\u00e9cnica y f\u00edsica, junto con las salvaguardias y el correcto mecanismo de indemnizaci\u00f3n en caso de accidentes o incidentes\u00bb.<\/p>\n","protected":false},"excerpt":{"rendered":"<p>El Organismo Internacional de Energ\u00eda At\u00f3mica (OIEA) y la Comisi\u00f3n Chilena de Energ\u00eda Nuclear (<abbr class='c2c-text-hover' title='Comisi\u00f3n Chilena de Energ\u00eda Nuclear.'>CCHEN<\/abbr>) organizaron el Taller Regional sobre Derecho Nuclear para Am\u00e9rica Latina y el Caribe, en el marco del proyecto (INT0096) denominado \u201cEstablecimiento y mejora de los marcos jur\u00eddicos nacionales para el uso seguro y pac\u00edfico de la energ\u00eda nuclear y la&#8230; <a class=\"read-more\" href=\"https:\/\/www.cchen.cl\/?p=1220\">Leer m\u00e1s >><\/a><\/p>\n","protected":false},"author":3,"featured_media":1221,"comment_status":"closed","ping_status":"closed","sticky":false,"template":"","format":"standard","meta":{"footnotes":"","_links_to":"","_links_to_target":""},"categories":[17],"tags":[],"class_list":["post-1220","post","type-post","status-publish","format-standard","has-post-thumbnail","hentry","category-noticias"],"_links":{"self":[{"href":"https:\/\/www.cchen.cl\/index.php?rest_route=\/wp\/v2\/posts\/1220","targetHints":{"allow":["GET"]}}],"collection":[{"href":"https:\/\/www.cchen.cl\/index.php?rest_route=\/wp\/v2\/posts"}],"about":[{"href":"https:\/\/www.cchen.cl\/index.php?rest_route=\/wp\/v2\/types\/post"}],"author":[{"embeddable":true,"href":"https:\/\/www.cchen.cl\/index.php?rest_route=\/wp\/v2\/users\/3"}],"replies":[{"embeddable":true,"href":"https:\/\/www.cchen.cl\/index.php?rest_route=%2Fwp%2Fv2%2Fcomments&post=1220"}],"version-history":[{"count":1,"href":"https:\/\/www.cchen.cl\/index.php?rest_route=\/wp\/v2\/posts\/1220\/revisions"}],"predecessor-version":[{"id":1222,"href":"https:\/\/www.cchen.cl\/index.php?rest_route=\/wp\/v2\/posts\/1220\/revisions\/1222"}],"wp:featuredmedia":[{"embeddable":true,"href":"https:\/\/www.cchen.cl\/index.php?rest_route=\/wp\/v2\/media\/1221"}],"wp:attachment":[{"href":"https:\/\/www.cchen.cl\/index.php?rest_route=%2Fwp%2Fv2%2Fmedia&parent=1220"}],"wp:term":[{"taxonomy":"category","embeddable":true,"href":"https:\/\/www.cchen.cl\/index.php?rest_route=%2Fwp%2Fv2%2Fcategories&post=1220"},{"taxonomy":"post_tag","embeddable":true,"href":"https:\/\/www.cchen.cl\/index.php?rest_route=%2Fwp%2Fv2%2Ftags&post=1220"}],"curies":[{"name":"wp","href":"https:\/\/api.w.org\/{rel}","templated":true}]}}