{"id":1367,"date":"2018-08-10T17:21:08","date_gmt":"2018-08-10T21:21:08","guid":{"rendered":"http:\/\/nueva.cchen.cl\/?p=1367"},"modified":"2018-10-10T17:22:30","modified_gmt":"2018-10-10T21:22:30","slug":"foro-en-la-62o-conferencia-general-del-organismo-internacional-de-energia-atomica-oiea","status":"publish","type":"post","link":"https:\/\/www.cchen.cl\/?p=1367","title":{"rendered":"FORO en la 62\u00ba Conferencia General del Organismo Internacional de Energ\u00eda At\u00f3mica \u2013 OIEA"},"content":{"rendered":"<p>Entre el 17 y 21 de septiembre, tuvo lugar en Viena, Austria, la Conferencia 62\u00ba General del\u00a0<span class=\"ui-lightness\"><span class=\"cdglossary_term ui-corner-all ui-state-default\">Organismo Internacional de Energ\u00eda At\u00f3mica<\/span><\/span>\u00a0(<span class=\"ui-lightness\"><span class=\"cdglossary_term ui-corner-all ui-state-default\">OIEA<\/span><\/span>) a la que asistieron cerca de 2500 participantes. En esta oportunidad, FORO y el OIEA reiteraron nuevamente su compromiso de seguir cooperando para contribuir a un alto nivel de seguridad radiol\u00f3gica y nuclear en toda la regi\u00f3n iberoamericana.<\/p>\n<p>Durante la conferencia se cont\u00f3 con la inauguraci\u00f3n del stand de FORO, en la cual participaron el presidente del FORO, los miembros del Plenario, otras autoridades de FORO, representantes de embajadas y autoridades del OIEA, entre otros.<\/p>\n<p>En la inauguraci\u00f3n del stand, Juan Carlos Lentijo, director general adjunto y jefe del Departamento de Seguridad Nuclear Tecnol\u00f3gica y F\u00edsica, se\u00f1al\u00f3 que la cooperaci\u00f3n con FORO:<\/p>\n<p>\u201c<em>es clave para fortalecer la seguridad tecnol\u00f3gica nuclear y radiol\u00f3gica del transporte y de los desechos en la regi\u00f3n. La cooperaci\u00f3n regional, como la fomentada por FORO, es esencial para el intercambio de informaci\u00f3n cient\u00edfica y t\u00e9cnica sobre los usos pac\u00edficos de la energ\u00eda at\u00f3mica esta tarea<\/em>\u00ab.<\/p>\n<p>El stand estuvo dirigido a difundir y promover el trabajo de FORO y tuvo gran acogida por parte de participantes, distinguidos miembros de la regi\u00f3n iberoamericana y otras regiones.<\/p>\n<p>Por otra parte, el Sr. Patricio Aguilera, presidente del Foro y director ejecutivo de la\u00a0<span class=\"ui-lightness\"><span class=\"cdglossary_term ui-corner-all ui-state-default\">Comisi\u00f3n Chilena de Energ\u00eda Nuclear<\/span><\/span>, se\u00f1al\u00f3 la importancia para el FORO de la estrecha cooperaci\u00f3n con la Agencia Internacional de Energ\u00eda At\u00f3mica:<\/p>\n<p><em>\u201cEl FORO aprecia el constante apoyo de la Secretar\u00eda Cient\u00edfica del Programa Extrapresupuestario de Seguridad, del Departamento de Seguridad Nuclear y del Departamento Cooperaci\u00f3n T\u00e9cnica del OIEA, por el trabajo en estrecha colaboraci\u00f3n para explotar las sinergias de nuestros trabajos hacia una mejor protecci\u00f3n radiol\u00f3gica y seguridad nuclear tecnol\u00f3gica y f\u00edsica en nuestra regi\u00f3n, diseminando nuestros resultados de diferentes formas<\/em>\u00ab.<\/p>\n<p>Del mismo modo, FORO organiz\u00f3 un evento sat\u00e9lite sobre la \u201cMejora de la Seguridad Nuclear y Radiol\u00f3gica en Iberoam\u00e9rica por medio de la Cooperaci\u00f3n Regional e Internacional \u2014 Experiencia de FORO, el Foro Iberoamericano de Organismos Reguladores Radiol\u00f3gicos y Nucleares\u201d, en el cual sum\u00f3 importancia a la protecci\u00f3n radiol\u00f3gica en medicina, as\u00ed como los logros alcanzados por el trabajo conjunto con el OIEA en esta \u00e1rea, como tambi\u00e9n en otras \u00e1reas.<\/p>\n<p>Durante este evento tuvo lugar una fruct\u00edfera discusi\u00f3n tanto a que diferentes participantes expusieran sus cuestiones respecto a los desaf\u00edos en la protecci\u00f3n radiol\u00f3gica en medicina, as\u00ed como el papel de FORO en la esfera internacional.<\/p>\n<p>En especial, Gustavo Caruso, director de NSOC asegur\u00f3 que:<\/p>\n<p>\u201c<em>La cooperaci\u00f3n con FORO sigue siendo una de las prioridades del OIEA para enfrentar los desaf\u00edos del mundo actual. FORO sirve asimismo como ejemplo exitoso de cooperaci\u00f3n regional para todas las redes gestionadas por el OIEA<\/em>\u00ab.<\/p>\n<p>Por otro lado, Patricio Aguilera plante\u00f3 los principales desaf\u00edos y planes en esta materia para los pa\u00edses de la regi\u00f3n:<\/p>\n<p><em>\u201cDebemos seguir perseverando en nuestro esfuerzo por fortalecer la seguridad radiol\u00f3gica en nuestros pa\u00edses, a trav\u00e9s de la continuidad de nuestros programas t\u00e9cnicos, el intercambio de conocimientos y experiencias entre sus estados miembros, el desarrollo de documentos especializados en materia de protecci\u00f3n radiol\u00f3gica y seguridad, la armonizaci\u00f3n de nuestras regulaciones, la continuidad de nuestra red y sustentabilidad de la organizaci\u00f3n\u201d.<\/em><\/p>\n<p>De igual manera, FORO particip\u00f3 en la reuni\u00f3n INSAG Forum, donde present\u00f3 la aplicaci\u00f3n de las normas de seguridad en sus proyectos.<\/p>\n<p>La Conferencia General cont\u00f3, adem\u00e1s, con otras sesiones oficiales con representantes del OIEA como Juan Carlos Lentijo, director general adjunto y jefe del Departamento de Seguridad Nuclear Tecnol\u00f3gica y F\u00edsica; Luis Longoria, director de la Divisi\u00f3n de Cooperaci\u00f3n T\u00e9cnica en Am\u00e9rica Latina y el Caribe, y Mary Alice Hayward, directora general adjunta y jefa del Departamento de Administraci\u00f3n, la cual actu\u00f3 en representaci\u00f3n directa del director general.<\/p>\n<p>Dichas sesiones sirvieron para fortalecer la cooperaci\u00f3n entre ambas partes y dar nuevas posibilidades de colaboraci\u00f3n en el futuro.<\/p>\n<p><em>Fuente:\u00a0<a href=\"http:\/\/www.foroiberam.org\/web\/guest\/actualidad\/noticias\/detalle\/-\/journal_content\/56_INSTANCE_nvf1RaYs0sOj\/193375\/4070233\" target=\"_blank\" rel=\"noopener\">Foro Iberoamericano<\/a><\/em><\/p>\n","protected":false},"excerpt":{"rendered":"<p>Entre el 17 y 21 de septiembre, tuvo lugar en Viena, Austria, la Conferencia 62\u00ba General del\u00a0Organismo Internacional de Energ\u00eda At\u00f3mica\u00a0(OIEA) a la que asistieron cerca de 2500 participantes. En esta oportunidad, FORO y el OIEA reiteraron nuevamente su compromiso de seguir cooperando para contribuir a un alto nivel de seguridad radiol\u00f3gica y nuclear en&#8230; <a class=\"read-more\" href=\"https:\/\/www.cchen.cl\/?p=1367\">Leer m\u00e1s >><\/a><\/p>\n","protected":false},"author":3,"featured_media":1368,"comment_status":"closed","ping_status":"closed","sticky":false,"template":"","format":"standard","meta":{"footnotes":"","_links_to":"","_links_to_target":""},"categories":[17],"tags":[],"class_list":["post-1367","post","type-post","status-publish","format-standard","has-post-thumbnail","hentry","category-noticias"],"_links":{"self":[{"href":"https:\/\/www.cchen.cl\/index.php?rest_route=\/wp\/v2\/posts\/1367","targetHints":{"allow":["GET"]}}],"collection":[{"href":"https:\/\/www.cchen.cl\/index.php?rest_route=\/wp\/v2\/posts"}],"about":[{"href":"https:\/\/www.cchen.cl\/index.php?rest_route=\/wp\/v2\/types\/post"}],"author":[{"embeddable":true,"href":"https:\/\/www.cchen.cl\/index.php?rest_route=\/wp\/v2\/users\/3"}],"replies":[{"embeddable":true,"href":"https:\/\/www.cchen.cl\/index.php?rest_route=%2Fwp%2Fv2%2Fcomments&post=1367"}],"version-history":[{"count":1,"href":"https:\/\/www.cchen.cl\/index.php?rest_route=\/wp\/v2\/posts\/1367\/revisions"}],"predecessor-version":[{"id":1369,"href":"https:\/\/www.cchen.cl\/index.php?rest_route=\/wp\/v2\/posts\/1367\/revisions\/1369"}],"wp:featuredmedia":[{"embeddable":true,"href":"https:\/\/www.cchen.cl\/index.php?rest_route=\/wp\/v2\/media\/1368"}],"wp:attachment":[{"href":"https:\/\/www.cchen.cl\/index.php?rest_route=%2Fwp%2Fv2%2Fmedia&parent=1367"}],"wp:term":[{"taxonomy":"category","embeddable":true,"href":"https:\/\/www.cchen.cl\/index.php?rest_route=%2Fwp%2Fv2%2Fcategories&post=1367"},{"taxonomy":"post_tag","embeddable":true,"href":"https:\/\/www.cchen.cl\/index.php?rest_route=%2Fwp%2Fv2%2Ftags&post=1367"}],"curies":[{"name":"wp","href":"https:\/\/api.w.org\/{rel}","templated":true}]}}