{"id":4589,"date":"2019-07-24T10:35:02","date_gmt":"2019-07-24T14:35:02","guid":{"rendered":"https:\/\/www.cchen.cl\/?p=4589"},"modified":"2019-07-24T10:35:02","modified_gmt":"2019-07-24T14:35:02","slug":"anuncio-se-informa-fallecimiento-del-director-general-del-oiea","status":"publish","type":"post","link":"https:\/\/www.cchen.cl\/?p=4589","title":{"rendered":"Anuncio: se informa fallecimiento del Director General del OIEA"},"content":{"rendered":"<p>&nbsp;<\/p>\n<p><img decoding=\"async\" src=\"https:\/\/www.cchen.cl\/wp-content\/uploads\/2019\/07\/amano05251140x640.jpg\" \/><\/p>\n<p>El lunes reci\u00e9n pasado, la Secretar\u00eda del Organismo Internacional de Energ\u00eda At\u00f3mica (OIEA) anunci\u00f3 con gran pesar el fallecimiento del Director General Yukiya Amano, quien se desempe\u00f1\u00f3 en el cargo entre diciembre de 2009 y julio de 2019.<\/p>\n<p style=\"text-align: center;\">Ver <a href=\"https:\/\/www.iaea.org\/es\/newscenter\/pressreleases\/anuncio\">Anuncio OIEA<\/a> | <a href=\"https:\/\/www.iaea.org\/es\/el-oiea\/dg\/biografia\">Biograf\u00eda Yukiya Amano<\/a><\/p>\n","protected":false},"excerpt":{"rendered":"<p>&nbsp; El lunes reci\u00e9n pasado, la Secretar\u00eda del Organismo Internacional de Energ\u00eda At\u00f3mica (OIEA) anunci\u00f3 con gran pesar el fallecimiento del Director General Yukiya Amano, quien se desempe\u00f1\u00f3 en el cargo entre diciembre de 2009 y julio de 2019. Ver Anuncio OIEA | Biograf\u00eda Yukiya Amano<\/p>\n","protected":false},"author":3,"featured_media":0,"comment_status":"closed","ping_status":"closed","sticky":false,"template":"","format":"standard","meta":{"footnotes":"","_links_to":"","_links_to_target":""},"categories":[17],"tags":[],"class_list":["post-4589","post","type-post","status-publish","format-standard","hentry","category-noticias"],"_links":{"self":[{"href":"https:\/\/www.cchen.cl\/index.php?rest_route=\/wp\/v2\/posts\/4589","targetHints":{"allow":["GET"]}}],"collection":[{"href":"https:\/\/www.cchen.cl\/index.php?rest_route=\/wp\/v2\/posts"}],"about":[{"href":"https:\/\/www.cchen.cl\/index.php?rest_route=\/wp\/v2\/types\/post"}],"author":[{"embeddable":true,"href":"https:\/\/www.cchen.cl\/index.php?rest_route=\/wp\/v2\/users\/3"}],"replies":[{"embeddable":true,"href":"https:\/\/www.cchen.cl\/index.php?rest_route=%2Fwp%2Fv2%2Fcomments&post=4589"}],"version-history":[{"count":1,"href":"https:\/\/www.cchen.cl\/index.php?rest_route=\/wp\/v2\/posts\/4589\/revisions"}],"predecessor-version":[{"id":4590,"href":"https:\/\/www.cchen.cl\/index.php?rest_route=\/wp\/v2\/posts\/4589\/revisions\/4590"}],"wp:attachment":[{"href":"https:\/\/www.cchen.cl\/index.php?rest_route=%2Fwp%2Fv2%2Fmedia&parent=4589"}],"wp:term":[{"taxonomy":"category","embeddable":true,"href":"https:\/\/www.cchen.cl\/index.php?rest_route=%2Fwp%2Fv2%2Fcategories&post=4589"},{"taxonomy":"post_tag","embeddable":true,"href":"https:\/\/www.cchen.cl\/index.php?rest_route=%2Fwp%2Fv2%2Ftags&post=4589"}],"curies":[{"name":"wp","href":"https:\/\/api.w.org\/{rel}","templated":true}]}}