{"id":5147,"date":"2020-07-22T09:59:52","date_gmt":"2020-07-22T13:59:52","guid":{"rendered":"https:\/\/www.cchen.cl\/?p=5147"},"modified":"2020-07-22T10:54:13","modified_gmt":"2020-07-22T14:54:13","slug":"cortometraje-infantil-sobre-tecnologias-y-aplicaciones-nucleares-es-parte-de-nuevo-canal-tv-educa-chile","status":"publish","type":"post","link":"https:\/\/www.cchen.cl\/?p=5147","title":{"rendered":"Cortometraje infantil sobre tecnolog\u00edas y aplicaciones  nucleares es parte de nuevo canal TV Educa Chile"},"content":{"rendered":"<p><img loading=\"lazy\" decoding=\"async\" class=\"aligncenter size-medium\" src=\"https:\/\/www.cchen.cl\/wp-content\/uploads\/2020\/06\/tv-educa.jpg\" width=\"1110\" height=\"357\" \/><\/p>\n<p><span style=\"font-weight: 400;\">\u00a1Tenemos buenas noticias! El cortometraje \u201cLuciana y los galletones m\u00e1gicos\u201d es parte de la parrilla program\u00e1tica del recientemente lanzado canal <\/span><a href=\"https:\/\/www.mineduc.cl\/programacion-tv-educa-chile\/\" target=\"_blank\" rel=\"noopener noreferrer\"><span style=\"font-weight: 400;\">TV Educa Chile<\/span><\/a><span style=\"font-weight: 400;\">, una iniciativa del Ministerio de Educaci\u00f3n, junto al Consejo Nacional de Televisi\u00f3n (CNTV) y a la Asociaci\u00f3n Nacional de Televisi\u00f3n (Anatel), que cuenta con la producci\u00f3n de TVN.<\/span><\/p>\n<p><span style=\"font-weight: 400;\">As\u00ed, ni\u00f1os, j\u00f3venes y adultos pueden ver este corto en la se\u00f1al 2 de cualquier canal de televisi\u00f3n abierta, en el bloque \u201cDescubre\u201d, que se transmite en dos horarios, de 10:03 a 11:54 y de 16:05 a 17:56 hrs. Fue transmitido el lunes 01 de junio, lunes 22 de junio, lunes 06 de julio y domingo 12 de julio.<\/span><\/p>\n<h3><span style=\"font-weight: 400;\">Pr\u00f3ximas fechas:<\/span><\/h3>\n<ul>\n<li><span style=\"font-weight: 400;\">Lunes 27 de julio <\/span><\/li>\n<li>S\u00e1bado 01 de agosto<\/li>\n<li>Lunes 17 de agosto<\/li>\n<\/ul>\n<p><span style=\"font-weight: 400;\">\u201cLuciana y los galletones m\u00e1gicos\u201d es un cortometraje desarrollado por Fundaci\u00f3n Planetario de la Universidad de Santiago de Chile y la Comisi\u00f3n Chilena de Energ\u00eda Nuclear (<abbr class='c2c-text-hover' title='Comisi\u00f3n Chilena de Energ\u00eda Nuclear.'>CCHEN<\/abbr>), que muestra, mediante una simple, did\u00e1ctica y emotiva historia, una conversaci\u00f3n entre la peque\u00f1a\u00a0Luciana y su padre, sobre el origen del universo y de c\u00f3mo la energ\u00eda contenida en las estrellas ha sido utilizada en beneficio de la humanidad. La historia tiene algunos ingredientes extra que te invitamos a descubrir.<\/span><\/p>\n<p><span style=\"font-weight: 400;\">Este corto fue elaborado a partir de dos focus groups realizados con alumnos de 6\u00b0 a 8\u00b0 b\u00e1sico, para conocer sus inquietudes en la materia y determinar c\u00f3mo abordarlas. En forma complementaria, se tomaron en cuenta los aspectos b\u00e1sicos de ciencias que aprenden los estudiantes de 6\u00b0 b\u00e1sico a 4\u00b0 medio, en forma transversal.<\/span><\/p>\n<p><span style=\"font-weight: 400;\">Esto va en l\u00ednea con el objetivo de la iniciativa, que busca generar un bloque con contenidos pedag\u00f3gicos, que responda a la necesidad de educaci\u00f3n en el contexto de la crisis actual.<\/span><\/p>\n<p><span style=\"font-weight: 400;\">\u201cEn este cortometraje se expone la relaci\u00f3n que existe entre los fen\u00f3menos astron\u00f3micos y los fen\u00f3menos nucleares y radiactivos, desde los inicios del Universo, y sobre c\u00f3mo algunos fen\u00f3menos que ocurren a diario en \u00e9l han sido estudiados por investigadores a lo largo del tiempo, e incluso, utilizados en diversas aplicaciones para beneficio de la sociedad\u201d, coment\u00f3 Gustavo Venegas, de la Oficina Asesora de Comunicaci\u00f3n Corporativa de la <abbr class='c2c-text-hover' title='Comisi\u00f3n Chilena de Energ\u00eda Nuclear.'>CCHEN<\/abbr>, quien a\u00f1adi\u00f3 que \u201ctodo este trabajo se desarroll\u00f3 en un contexto educativo, con un lenguaje claro, cotidiano y un toque de emocionalidad\u201d.<\/span><\/p>\n<p><a href=\"http:\/\/planetariochile.cl\/planetario-usach-se-integra-a-la-programacion-de-tv-educa-chile\/\" target=\"_blank\" rel=\"noopener noreferrer\"><span style=\"font-weight: 400;\">Ver nota Planetario Chile.<\/span><\/a><\/p>\n","protected":false},"excerpt":{"rendered":"<p>\u00a1Tenemos buenas noticias! El cortometraje \u201cLuciana y los galletones m\u00e1gicos\u201d es parte de la parrilla program\u00e1tica del recientemente lanzado canal TV Educa Chile, una iniciativa del Ministerio de Educaci\u00f3n, junto al Consejo Nacional de Televisi\u00f3n (CNTV) y a la Asociaci\u00f3n Nacional de Televisi\u00f3n (Anatel), que cuenta con la producci\u00f3n de TVN. As\u00ed, ni\u00f1os, j\u00f3venes y&#8230; <a class=\"read-more\" href=\"https:\/\/www.cchen.cl\/?p=5147\">Leer m\u00e1s >><\/a><\/p>\n","protected":false},"author":3,"featured_media":0,"comment_status":"closed","ping_status":"closed","sticky":false,"template":"","format":"standard","meta":{"footnotes":"","_links_to":"","_links_to_target":""},"categories":[17],"tags":[],"class_list":["post-5147","post","type-post","status-publish","format-standard","hentry","category-noticias"],"_links":{"self":[{"href":"https:\/\/www.cchen.cl\/index.php?rest_route=\/wp\/v2\/posts\/5147","targetHints":{"allow":["GET"]}}],"collection":[{"href":"https:\/\/www.cchen.cl\/index.php?rest_route=\/wp\/v2\/posts"}],"about":[{"href":"https:\/\/www.cchen.cl\/index.php?rest_route=\/wp\/v2\/types\/post"}],"author":[{"embeddable":true,"href":"https:\/\/www.cchen.cl\/index.php?rest_route=\/wp\/v2\/users\/3"}],"replies":[{"embeddable":true,"href":"https:\/\/www.cchen.cl\/index.php?rest_route=%2Fwp%2Fv2%2Fcomments&post=5147"}],"version-history":[{"count":3,"href":"https:\/\/www.cchen.cl\/index.php?rest_route=\/wp\/v2\/posts\/5147\/revisions"}],"predecessor-version":[{"id":5271,"href":"https:\/\/www.cchen.cl\/index.php?rest_route=\/wp\/v2\/posts\/5147\/revisions\/5271"}],"wp:attachment":[{"href":"https:\/\/www.cchen.cl\/index.php?rest_route=%2Fwp%2Fv2%2Fmedia&parent=5147"}],"wp:term":[{"taxonomy":"category","embeddable":true,"href":"https:\/\/www.cchen.cl\/index.php?rest_route=%2Fwp%2Fv2%2Fcategories&post=5147"},{"taxonomy":"post_tag","embeddable":true,"href":"https:\/\/www.cchen.cl\/index.php?rest_route=%2Fwp%2Fv2%2Ftags&post=5147"}],"curies":[{"name":"wp","href":"https:\/\/api.w.org\/{rel}","templated":true}]}}