{"id":5421,"date":"2020-09-29T15:31:42","date_gmt":"2020-09-29T19:31:42","guid":{"rendered":"http:\/\/www.cchen.cl\/?p=5421"},"modified":"2020-09-29T15:31:42","modified_gmt":"2020-09-29T19:31:42","slug":"paises-de-la-region-de-iberoamerica-aunan-esfuerzos-para-fortalecer-sus-capacidades-regulatorias","status":"publish","type":"post","link":"https:\/\/www.cchen.cl\/?p=5421","title":{"rendered":"Pa\u00edses de la Regi\u00f3n de Iberoam\u00e9rica a\u00fanan esfuerzos para fortalecer sus capacidades regulatorias"},"content":{"rendered":"<p><img loading=\"lazy\" decoding=\"async\" class=\"alignnone size-medium\" src=\"http:\/\/www.cchen.cl\/wp-content\/uploads\/2020\/09\/actividades_conferencia_1110x357.jpg\" width=\"1110\" height=\"357\" \/><\/p>\n<p>Entre el 21 y 25 de septiembre, se celebr\u00f3 la 64\u00b0 Conferencia General del <a href=\"https:\/\/www.iaea.org\/sites\/default\/files\/20\/09\/chile-gc64.pdf\" target=\"_blank\" rel=\"noopener noreferrer\">Organismo Internacional de Energ\u00eda At\u00f3mica (OIEA)<\/a>, en la que participaron representantes de sus 171 Estados Miembros. Si bien, en el contexto de la pandemia, este a\u00f1o se limit\u00f3 la participaci\u00f3n presencial, se desarrollaron, al igual que en a\u00f1os anteriores, diversos eventos paralelos &#8211; 39 en total &#8211; para poner de relieve la labor innovadora que realizan el OIEA y los Estados Miembros, a partir de t\u00e9cnicas nucleares.<\/p>\n<p>Durante la jornada de apertura, y en representaci\u00f3n de nuestro pa\u00eds, ofreci\u00f3 algunas palabras la Embajadora de Chile en Viena, Gloria Navarrete, quien felicit\u00f3 al Director General del OIEA, Rafael Grossi, por esta primera instancia liderando la Conferencia. Luego, la diplom\u00e1tica enfatiz\u00f3 que \u201c<em>mantendremos nuestra participaci\u00f3n activa en proyectos t\u00e9cnicos y acogiendo diversos cursos y programas<\/em>\u201d.<\/p>\n<p>La Embajadora aprovech\u00f3 de agradecer la asistencia ofrecida por el Organismo, frente a la pandemia: \u201c<em>Chile valora la asistencia que el OIEA ha brindado a m\u00e1s de cien Estados, donando equipos de diagn\u00f3stico RT-PCR, adquiridos a trav\u00e9s de generosas contribuciones voluntarias, y entregando capacitaciones a servicios de salud. Agradezco especialmente la donaci\u00f3n a mi pa\u00eds de cuatro de estos equipos, que han sido destinados a tres hospitales y a un laboratorio<\/em>\u201d. <a href=\"https:\/\/www.iaea.org\/sites\/default\/files\/20\/09\/chile-gc64.pdf\" target=\"_blank\" rel=\"noopener noreferrer\">Ver discurso<\/a>.<\/p>\n<h3>Eventos paralelos: encuentro de reguladores iberoamericanos<\/h3>\n<p>Uno de los eventos paralelos que tuvo lugar durante la Conferencia, fue uno virtual, denominado \u201cMejora de la seguridad nuclear y la protecci\u00f3n radiol\u00f3gica a trav\u00e9s de la cooperaci\u00f3n regional e internacional\u201d, liderado por el <a href=\"https:\/\/www.foroiberam.org\/web\/guest\" target=\"_blank\" rel=\"noopener noreferrer\">Foro Iberoamericano de Organismos Reguladores Radiol\u00f3gicos y Nucleares (FORO)<\/a>, donde nuestro pa\u00eds, a trav\u00e9s de la Comisi\u00f3n Chilena de Energ\u00eda Nuclear, es uno de los miembros.<\/p>\n<p>En la ocasi\u00f3n, intervino como panelista el Director Ejecutivo de la <abbr class='c2c-text-hover' title='Comisi\u00f3n Chilena de Energ\u00eda Nuclear.'>CCHEN<\/abbr>, el Dr. Jaime Salas, quien se\u00f1al\u00f3 que \u201c<em>las oportunidades que brinda esta asociaci\u00f3n son incontables, toda vez que favorece el intercambio de experiencias y propicia oportunidades para abordar problem\u00e1ticas comunes en materia de seguridad nuclear, radiol\u00f3gica y f\u00edsica de la Regi\u00f3n Iberoamericana, permitiendo fortalecer las capacidades regulatorias de todos los organismos que la integran<\/em>\u201d.<\/p>\n<p>Las palabras de bienvenida del evento estuvieron a cargo del Director General del OIEA, Rafael Grossi, y prosigui\u00f3 con la presentaci\u00f3n institucional del FORO, y de las prioridades del OIEA, en materia de seguridad nuclear y f\u00edsica para la regi\u00f3n iberoamericana. Finalmente, se abord\u00f3 la perspectiva del Organismo en relaci\u00f3n a las actividades del FORO y su contribuci\u00f3n, sin dejar de lado futuros mecanismos de colaboraci\u00f3n.<\/p>\n<p>Parte importante del programa se concentr\u00f3 en los principales retos del FORO. Uno de estos busca fortalecer y fomentar la Cultura de Seguridad en la regi\u00f3n, promoviendo m\u00e1s conocimiento en cuanto a protecci\u00f3n radiol\u00f3gica y seguridad nuclear y f\u00edsica, y su aplicaci\u00f3n al accionar regulador.<\/p>\n<p>Asimismo, es de gran inter\u00e9s para el FORO proporcionar asistencia y soporte a los organismos reguladores que lo integran, en caso de ser necesario. En esa misma l\u00ednea, es clave, adem\u00e1s, promover la revisi\u00f3n y actualizaci\u00f3n de la funci\u00f3n reguladora de los organismos miembros, con miras a los desaf\u00edos comunes y con un enfoque armonizado de pr\u00e1cticas.<\/p>\n<p>Sumado a lo anterior, se destac\u00f3 la importancia de comunicar y transferir en forma eficiente los resultados al entorno internacional, mediante la cooperaci\u00f3n con el OIEA y con otras organizaciones y asociaciones internacionales, y redes reguladoras regionales. Todo ello, en suma, apunta a lograr un crecimiento sostenible del FORO y fortalecer su posicionamiento a nivel internacional.<\/p>\n<h3>Eventos paralelos: encuentro mundial de reguladores<\/h3>\n<p>Sumado a lo anterior, en el marco de esta conferencia internacional, el jueves 24 de septiembre se desarroll\u00f3 el encuentro de funcionarios superiores de reglamentaci\u00f3n en materia de seguridad tecnol\u00f3gica y f\u00edsica, que reuni\u00f3 a jefes de \u00f3rganos reguladores y a otros funcionarios\/as superiores de reglamentaci\u00f3n en las \u00e1reas de seguridad nuclear, radiol\u00f3gica, de transporte, desechos radiactivos y seguridad f\u00edsica nuclear.<\/p>\n<p>En esta instancia, cuya finalidad fue el intercambio de informaci\u00f3n relativa a temas y tendencias actuales en materia de reglamentaci\u00f3n, particip\u00f3 Hugo Briso, de la Divisi\u00f3n de Seguridad Nuclear y Radiol\u00f3gica de la <abbr class='c2c-text-hover' title='Comisi\u00f3n Chilena de Energ\u00eda Nuclear.'>CCHEN<\/abbr>.<\/p>\n<h3>Chile, Estado Miembro<\/h3>\n<p>Cabe destacar que Chile ha sido parte de los <a href=\"https:\/\/www.iaea.org\/es\/el-oiea\/lista-de-estados-miembros\" target=\"_blank\" rel=\"noopener noreferrer\">Estados Miembros<\/a> del OIEA desde el a\u00f1o 1960, completando as\u00ed los 171 Estados Miembros que, seg\u00fan anunci\u00f3 el Director General del Organismo, hoy ya son 172, gracias a la reciente incorporaci\u00f3n de La Uni\u00f3n de Las Comoras (\u00c1frica).<\/p>\n<p>En esa l\u00ednea, el Director Ejecutivo de la <abbr class='c2c-text-hover' title='Comisi\u00f3n Chilena de Energ\u00eda Nuclear.'>CCHEN<\/abbr>, Jaime Salas, destaca que \u201c<em>ha sido una relaci\u00f3n muy fruct\u00edfera, que nos ha permitido acceder a tecnolog\u00edas, obtener cooperaci\u00f3n t\u00e9cnica en materia de seguridad radiol\u00f3gica y f\u00edsica, desarrollar nuestro capital humano y, en general, fortalecer nuestras aplicaciones pac\u00edficas de la energ\u00eda nuclear en Chile, impactando en salud, agricultura, miner\u00eda e investigaci\u00f3n, por nombrar solo algunas de las \u00e1reas en las que impacta nuestra contribuci\u00f3n de valor p\u00fablico en el pa\u00eds<\/em>\u201d.<\/p>\n","protected":false},"excerpt":{"rendered":"<p>Entre el 21 y 25 de septiembre, se celebr\u00f3 la 64\u00b0 Conferencia General del Organismo Internacional de Energ\u00eda At\u00f3mica (OIEA), en la que participaron representantes de sus 171 Estados Miembros. Si bien, en el contexto de la pandemia, este a\u00f1o se limit\u00f3 la participaci\u00f3n presencial, se desarrollaron, al igual que en a\u00f1os anteriores, diversos eventos&#8230; <a class=\"read-more\" href=\"https:\/\/www.cchen.cl\/?p=5421\">Leer m\u00e1s >><\/a><\/p>\n","protected":false},"author":3,"featured_media":0,"comment_status":"closed","ping_status":"closed","sticky":false,"template":"","format":"standard","meta":{"footnotes":"","_links_to":"","_links_to_target":""},"categories":[17],"tags":[],"class_list":["post-5421","post","type-post","status-publish","format-standard","hentry","category-noticias"],"_links":{"self":[{"href":"https:\/\/www.cchen.cl\/index.php?rest_route=\/wp\/v2\/posts\/5421","targetHints":{"allow":["GET"]}}],"collection":[{"href":"https:\/\/www.cchen.cl\/index.php?rest_route=\/wp\/v2\/posts"}],"about":[{"href":"https:\/\/www.cchen.cl\/index.php?rest_route=\/wp\/v2\/types\/post"}],"author":[{"embeddable":true,"href":"https:\/\/www.cchen.cl\/index.php?rest_route=\/wp\/v2\/users\/3"}],"replies":[{"embeddable":true,"href":"https:\/\/www.cchen.cl\/index.php?rest_route=%2Fwp%2Fv2%2Fcomments&post=5421"}],"version-history":[{"count":1,"href":"https:\/\/www.cchen.cl\/index.php?rest_route=\/wp\/v2\/posts\/5421\/revisions"}],"predecessor-version":[{"id":5422,"href":"https:\/\/www.cchen.cl\/index.php?rest_route=\/wp\/v2\/posts\/5421\/revisions\/5422"}],"wp:attachment":[{"href":"https:\/\/www.cchen.cl\/index.php?rest_route=%2Fwp%2Fv2%2Fmedia&parent=5421"}],"wp:term":[{"taxonomy":"category","embeddable":true,"href":"https:\/\/www.cchen.cl\/index.php?rest_route=%2Fwp%2Fv2%2Fcategories&post=5421"},{"taxonomy":"post_tag","embeddable":true,"href":"https:\/\/www.cchen.cl\/index.php?rest_route=%2Fwp%2Fv2%2Ftags&post=5421"}],"curies":[{"name":"wp","href":"https:\/\/api.w.org\/{rel}","templated":true}]}}