{"id":5935,"date":"2021-10-14T17:11:03","date_gmt":"2021-10-14T21:11:03","guid":{"rendered":"https:\/\/www.cchen.cl\/?p=5910"},"modified":"2021-10-14T17:11:03","modified_gmt":"2021-10-14T21:11:03","slug":"47-aniversario-del-rech-1-proyecciones-de-un-diseno-clasico","status":"publish","type":"post","link":"https:\/\/www.cchen.cl\/?p=5935","title":{"rendered":"47\u00b0 Aniversario del RECH-1. Proyecciones de un dise\u00f1o cl\u00e1sico"},"content":{"rendered":"\n<div class=\"wp-block-image\"><figure class=\"aligncenter size-large\"><img decoding=\"async\" src=\"http:\/\/www.cchen.cl\/wp-content\/uploads\/2021\/10\/rech-1_dv.png\" alt=\"\"\/><\/figure><\/div>\n\n\n\n<p>Esta semana la <abbr class='c2c-text-hover' title='Comisi\u00f3n Chilena de Energ\u00eda Nuclear.'>CCHEN<\/abbr> celebr\u00f3 un aniversario m\u00e1s de la puesta a cr\u00edtico del reactor nuclear N\u00b0 1. Para destacar este hito, se reunieron en el Mural \u201cLa Energ\u00eda Nuclear Creadora\u201d, dos de los arquitectos que dise\u00f1aron el edificio, quienes volvieron al CEN La Reina para acompa\u00f1ar a los principales involucrados con el quehacer, funcionamiento diario y futuro del principal recurso tecnol\u00f3gico, cient\u00edfico y productivo de la instituci\u00f3n.<\/p>\n\n\n\n<p>Enrique L\u00f3pez Contreras y Cedric Purcell de la Vega eran parte de la empresa de ingenier\u00eda y arquitectura que pens\u00f3 y dise\u00f1\u00f3 los sistemas constructivos, con las piezas principales de su estructura y las instalaciones internas que permiten su operaci\u00f3n. En palabras que ofreci\u00f3 Enrique L\u00f3pez durante el evento, comparti\u00f3 parte de lo que signific\u00f3 para ellos esa labor: \u201cChile es un pa\u00eds s\u00edsmico. Pudimos usar sistemas constructivos que eran, en esa \u00e9poca, muy avanzados. Hicimos un edificio muy particular. Pusimos vigas pretensadas de 25 metros de luz, para resguardar las losas que ten\u00eda (el reactor) en la cubierta. Pero tambi\u00e9n, nos preocupamos de hacer instalaciones adecuadas para que funcionaran permanentemente. Y por muchos a\u00f1os. Nosotros aprendimos tambi\u00e9n de estos dise\u00f1os y pudimos enfrentar otros problemas que, efectivamente, en ese tiempo eran para Chile una condici\u00f3n de desarrollo muy importante\u201d.<\/p>\n\n\n\n<p>A sus recuerdos y an\u00e9cdotas, que trajeron de vuelta a nuestro centro nuclear los desaf\u00edos de sus or\u00edgenes, se sumaron las palabras de nuestro Director Ejecutivo, Jaime Salas Kurte, que remarcaron la importancia y el potencial del reactor. Por su parte, el jefe de la DIAN, Luis Huerta Torchio, hizo hincapi\u00e9 en lo esencial del manejo de una instalaci\u00f3n nuclear, y Eugenio Vargas, jefe del departamento de Reactores de Investigaci\u00f3n y Combustible Nuclear, subray\u00f3 el potencial que mantiene vigente el <abbr class='c2c-text-hover' title='Reactor Experimental Chileno N\u00ba1, ubicado en el Centro de Estudios Nucleares La Reina.'>RECH-1<\/abbr> y el compromiso de la instituci\u00f3n y del equipo para hacerlo realidad. As\u00ed, este 13 de octubre reuni\u00f3 en un mismo momento y visi\u00f3n, el pasado, presente y futuro de nuestro reactor.<\/p>\n","protected":false},"excerpt":{"rendered":"<p>Esta semana la <abbr class='c2c-text-hover' title='Comisi\u00f3n Chilena de Energ\u00eda Nuclear.'>CCHEN<\/abbr> celebr\u00f3 un aniversario m\u00e1s de la puesta a cr\u00edtico del reactor nuclear N\u00b0 1. Para destacar este hito, se reunieron en el Mural \u201cLa Energ\u00eda Nuclear Creadora\u201d, dos de los arquitectos que dise\u00f1aron el edificio, quienes volvieron al CEN La Reina para acompa\u00f1ar a los principales involucrados con el quehacer, funcionamiento&#8230; <a class=\"read-more\" href=\"https:\/\/www.cchen.cl\/?p=5935\">Leer m\u00e1s >><\/a><\/p>\n","protected":false},"author":3,"featured_media":0,"comment_status":"closed","ping_status":"closed","sticky":false,"template":"","format":"standard","meta":{"footnotes":"","_links_to":"","_links_to_target":""},"categories":[],"tags":[],"class_list":["post-5935","post","type-post","status-publish","format-standard","hentry"],"_links":{"self":[{"href":"https:\/\/www.cchen.cl\/index.php?rest_route=\/wp\/v2\/posts\/5935","targetHints":{"allow":["GET"]}}],"collection":[{"href":"https:\/\/www.cchen.cl\/index.php?rest_route=\/wp\/v2\/posts"}],"about":[{"href":"https:\/\/www.cchen.cl\/index.php?rest_route=\/wp\/v2\/types\/post"}],"author":[{"embeddable":true,"href":"https:\/\/www.cchen.cl\/index.php?rest_route=\/wp\/v2\/users\/3"}],"replies":[{"embeddable":true,"href":"https:\/\/www.cchen.cl\/index.php?rest_route=%2Fwp%2Fv2%2Fcomments&post=5935"}],"version-history":[{"count":0,"href":"https:\/\/www.cchen.cl\/index.php?rest_route=\/wp\/v2\/posts\/5935\/revisions"}],"wp:attachment":[{"href":"https:\/\/www.cchen.cl\/index.php?rest_route=%2Fwp%2Fv2%2Fmedia&parent=5935"}],"wp:term":[{"taxonomy":"category","embeddable":true,"href":"https:\/\/www.cchen.cl\/index.php?rest_route=%2Fwp%2Fv2%2Fcategories&post=5935"},{"taxonomy":"post_tag","embeddable":true,"href":"https:\/\/www.cchen.cl\/index.php?rest_route=%2Fwp%2Fv2%2Ftags&post=5935"}],"curies":[{"name":"wp","href":"https:\/\/api.w.org\/{rel}","templated":true}]}}