{"id":6252,"date":"2022-01-27T16:59:23","date_gmt":"2022-01-27T20:59:23","guid":{"rendered":"https:\/\/www.cchen.cl\/?p=6252"},"modified":"2022-01-27T17:01:34","modified_gmt":"2022-01-27T21:01:34","slug":"ideas-en-la-cchen-que-aportan-al-conocimiento-seran-financiadas-por-fondecyt-regular-2022","status":"publish","type":"post","link":"https:\/\/www.cchen.cl\/?p=6252","title":{"rendered":"Ideas en la CCHEN que aportan al conocimiento ser\u00e1n  financiadas por Fondecyt Regular 2022"},"content":{"rendered":"<p><img loading=\"lazy\" decoding=\"async\" class=\"alignnone wp-image-6257\" src=\"http:\/\/www.cchen.cl\/wp-content\/uploads\/2022\/01\/proyectos_1110x357-300x96.png\" alt=\"\" width=\"894\" height=\"286\" srcset=\"https:\/\/www.cchen.cl\/wp-content\/uploads\/2022\/01\/proyectos_1110x357-300x96.png 300w, https:\/\/www.cchen.cl\/wp-content\/uploads\/2022\/01\/proyectos_1110x357-1024x329.png 1024w, https:\/\/www.cchen.cl\/wp-content\/uploads\/2022\/01\/proyectos_1110x357-768x247.png 768w\" sizes=\"auto, (max-width: 894px) 100vw, 894px\" \/><\/p>\n<p>Hace algunos d\u00edas, la <strong>Agencia Nacional de Investigaci\u00f3n y Desarrollo (ANID)<\/strong> anunci\u00f3 los resultados del concurso del Fondo Nacional de Desarrollo Cient\u00edfico y Tecnol\u00f3gico (Fondecyt), donde la Comisi\u00f3n Chilena de Energ\u00eda Nuclear (<abbr class='c2c-text-hover' title='Comisi\u00f3n Chilena de Energ\u00eda Nuclear.'>CCHEN<\/abbr>) se adjudic\u00f3 dos proyectos, como instituci\u00f3n principal, y tres donde act\u00faa como coautora.<\/p>\n<p>El Director Ejecutivo (S) y jefe de la Divisi\u00f3n de Investigaci\u00f3n y Aplicaciones Nucleares, Dr. Luis Huerta, aplaude con entusiasmo la incorporaci\u00f3n de estos proyectos financiados por la ANID: \u201cEllo demuestra el reconocimiento de los pares de la comunidad cient\u00edfica de que estos proyectos y sus responsables tienen todo el potencial para generar nuevo conocimiento, algunos adem\u00e1s con impacto en problemas que la sociedad necesita abordar y resolver. No tengo duda que sus autores sabr\u00e1n desarrollarlos al mejor nivel, con lo cual la C<span style=\"color: #008080;\">C<\/span>HEN demostrar\u00e1 el potencial que alberga en sus laboratorios\u201d.<\/p>\n<p><strong>A continuaci\u00f3n, te contamos en qu\u00e9 consiste cada uno.<\/strong><\/p>\n<p><span style=\"color: #148dc9;\"><strong>Medidas de fondo de neutrones c\u00f3smicos<\/strong><\/span><\/p>\n<p>El proyecto <strong><em>\u201cCosmic Ray Neutron Spectroscopy and Local Variables Simultaneous Measurements Studies Throughout Chile\u201d<\/em><\/strong> (\u201cMedidas simult\u00e1neas de espectroscop\u00eda de neutrones provenientes de rayos c\u00f3smicos y de variables locales a lo largo de Chile\u201d en espa\u00f1ol) se desenvuelve a lo largo de todo el pa\u00eds y se basa en una muy interesante relaci\u00f3n entre la aparici\u00f3n de neutrones de origen c\u00f3smico y las propiedades del medioambiente, el suelo y el aire, en un determinado lugar.<br \/>\nDe esta manera, conocer el n\u00famero y espectro de energ\u00edas de los neutrones detectados &#8211; neutrones cuya fuente son los rayos c\u00f3smicos que al interactuar con la atm\u00f3sfera los generan como producto- y variables locales, como la temperatura ambiente, la presi\u00f3n atmosf\u00e9rica, la humedad relativa del aire, la humedad del suelo, la velocidad del viento, la acumulaci\u00f3n de nieve e, incluso, la composici\u00f3n del suelo.<\/p>\n<p>Con este estudio se espera realizar correcciones a las medidas que proveen los <span style=\"color: #3366ff;\"><a style=\"color: #3366ff;\" href=\"https:\/\/www.nmdb.eu\/public_outreach\/en\/04_nm\/\"><strong>monitores de neutrone<\/strong>s<\/a><\/span> ubicados alrededor del mundo, utilizados para medir indirectamente la incidencia de rayos c\u00f3smicos en la atm\u00f3sfera terrestre y con ello estudiar la actividad solar y un amplio dominio de fen\u00f3menos asociados a las part\u00edculas elementales del universo. La evidencia muestra que la tasa de conteo de estos monitores puede verse afectada por las variables locales mencionadas, que implican una disminuci\u00f3n de los neutrones de energ\u00edas menores.<\/p>\n<p>\u201cAl relacionar las variables locales con una medida espectrosc\u00f3pica de neutrones, esperamos dise\u00f1ar un peque\u00f1o espectr\u00f3metro compuesto de tres detectores eficientes en la regi\u00f3n t\u00e9rmica, epitermica-r\u00e1pida y de alta energ\u00eda, que evidencie estas variaciones locales y pueda corregir las medidas realizadas por los monitores de neutrones\u201d, coment\u00f3 el Dr. Francisco Molina,<br \/>\ninvestigador principal del proyecto, y director del Centro de Investigaci\u00f3n en F\u00edsica Nuclear y Espectroscop\u00eda de Neutrones (CEFNEN) de la <abbr class='c2c-text-hover' title='Comisi\u00f3n Chilena de Energ\u00eda Nuclear.'>CCHEN<\/abbr>.<\/p>\n<p>Para efectuar las mediciones se desarrollar\u00e1n diez campa\u00f1as experimentales, que abarcar\u00e1n 31 puntos de Arica a Magallanes, para aprovechar la diversidad geogr\u00e1fica, geol\u00f3gica y climatol\u00f3gica de Chile.<\/p>\n<p>Junto al Dr. Molina trabajar\u00e1, como coinvestigador, el Dr. Marcelo Zambra, tambi\u00e9n del CEFNEN de la <abbr class='c2c-text-hover' title='Comisi\u00f3n Chilena de Energ\u00eda Nuclear.'>CCHEN<\/abbr>. Adem\u00e1s, para la ejecuci\u00f3n de las campa\u00f1as experimentales, investigadores de variadas disciplinas, como Meteorolog\u00eda, F\u00edsica de Altas Energ\u00edas, Electr\u00f3nica, F\u00edsica M\u00e9dica, Ciencias de Materiales, Gravitaci\u00f3n, F\u00edsica Nuclear Te\u00f3rica, Astronom\u00eda, F\u00edsica At\u00f3mica y F\u00edsica Nuclear Experimental, de distintas universidades e instituciones del pa\u00eds, apoyar\u00e1n la fase de mediciones.<\/p>\n<p><img loading=\"lazy\" decoding=\"async\" class=\"alignnone wp-image-6254\" src=\"http:\/\/www.cchen.cl\/wp-content\/uploads\/2022\/01\/francisco_molina_1110x357-300x96.png\" alt=\"\" width=\"891\" height=\"285\" srcset=\"https:\/\/www.cchen.cl\/wp-content\/uploads\/2022\/01\/francisco_molina_1110x357-300x96.png 300w, https:\/\/www.cchen.cl\/wp-content\/uploads\/2022\/01\/francisco_molina_1110x357-1024x329.png 1024w, https:\/\/www.cchen.cl\/wp-content\/uploads\/2022\/01\/francisco_molina_1110x357-768x247.png 768w\" sizes=\"auto, (max-width: 891px) 100vw, 891px\" \/><\/p>\n<p><span style=\"color: #148dc9;\"><strong>Comportamiento de sistemas complejos<\/strong><\/span><\/p>\n<p>Otro de los proyectos adjudicados se titula <em><strong>\u00abBayesian Statistical Mechanics: Theory and Computational Tools for Nonequilibrium Systems with Long-Range Interactions\u201d<\/strong> <\/em>(\u201cMec\u00e1nica Estad\u00edstica Bayesiana: Teor\u00eda y herramientas computacionales para sistemas fuera del equilibrio con interacciones de largo alcance\u201d en espa\u00f1ol).<\/p>\n<p>Su investigador principal es el Dr. Sergio Davis, del Centro de Investigaci\u00f3n en la Intersecci\u00f3n de F\u00edsica de Plasmas, Materia y Complejidad (P2mc) de la <abbr class='c2c-text-hover' title='Comisi\u00f3n Chilena de Energ\u00eda Nuclear.'>CCHEN<\/abbr>, y su coinvestigador es el Dr. Joaqu\u00edn Peralta, de la Universidad Andr\u00e9s Bello.<\/p>\n<p>Mediante el desarrollo de modelos te\u00f3ricos y de simulaci\u00f3n computacional, se estudiar\u00e1 el comportamiento de sistemas complejos cuyos componentes presentan correlaciones de largo alcance. Eso quiere decir que son sistemas imposibles de separar en regiones desconectadas una de otra; cada parte depende inseparablemente de otra, en cada momento, y, romperlo -dividir el sistema- hace que deje de existir tal como lo conoc\u00edamos. Ejemplos de este tipo de sistemas son los plasmas fuera del equilibrio, como los generados en experimentos desarrollados en la propia <abbr class='c2c-text-hover' title='Comisi\u00f3n Chilena de Energ\u00eda Nuclear.'>CCHEN<\/abbr>.<\/p>\n<p>Con este proyecto se busca generar nuevos conocimientos que empujen la frontera del conocimiento actual en sistemas complejos. Entender el comportamiento termodin\u00e1mico de estos sistemas, y en particular, explorar la validez del concepto de temperatura, la cual tiene una definici\u00f3n cl\u00e1sica -aquella que se aprende en el colegio o la universidad- basada en un equilibrio de las distintas partes de un sistema. Un entendimiento de lo que es exactamente la temperatura de un sistema y as\u00ed desarrollar una definici\u00f3n distinta a la est\u00e1ndar permitir\u00e1 extender a los sistemas complejos, una problem\u00e1tica con potencial impacto en la f\u00edsica de plasmas y otras \u00e1reas, como la f\u00edsica de materiales.<\/p>\n<p>\u201cEsperamos aportar en la propuesta y validaci\u00f3n de nuevas definiciones de temperatura en sistemas fuera del equilibrio, definiciones que ser\u00e1n puestas a prueba mediante simulaciones computacionales realizadas usando c\u00f3digos propios, programados \u201cen casa\u201d, espec\u00edficos para cada modelo o problema. Tambi\u00e9n desarrollaremos nuevos m\u00e9todos de simulaci\u00f3n en <abbr class='c2c-text-hover' title='Comisi\u00f3n Chilena de Energ\u00eda Nuclear.'>CCHEN<\/abbr> y en colaboraci\u00f3n con la Universidad Andr\u00e9s Bello, que esperamos sean un aporte a la comunidad de la f\u00edsica de sistemas complejos\u201d, coment\u00f3 el Dr. Davis.<\/p>\n<p><img loading=\"lazy\" decoding=\"async\" class=\"alignnone wp-image-6253\" src=\"http:\/\/www.cchen.cl\/wp-content\/uploads\/2022\/01\/sergio_davis_1110x357-300x96.png\" alt=\"\" width=\"891\" height=\"285\" srcset=\"https:\/\/www.cchen.cl\/wp-content\/uploads\/2022\/01\/sergio_davis_1110x357-300x96.png 300w, https:\/\/www.cchen.cl\/wp-content\/uploads\/2022\/01\/sergio_davis_1110x357-1024x329.png 1024w, https:\/\/www.cchen.cl\/wp-content\/uploads\/2022\/01\/sergio_davis_1110x357-768x247.png 768w\" sizes=\"auto, (max-width: 891px) 100vw, 891px\" \/><\/p>\n<p><span style=\"color: #148dc9;\"><strong>Contaminaci\u00f3n del aire<\/strong><\/span><\/p>\n<p>Un tercer proyecto, titulado <strong>\u00ab<em><strong>Sources and atmospheric dynamics of total gaseous mercury and particle bound heavy metals in a mega-industrial area in Central Chile\u00bb<\/strong> <\/em><\/strong>(\u201cFuentes y din\u00e1mica atmosf\u00e9rica del mercurio gaseoso total y metales pesados ligados a part\u00edculas en una zona industrial de Chile central\u201d en espa\u00f1ol), se lo adjudic\u00f3 la Universidad de Chile. Contar\u00e1 con la participaci\u00f3n del investigador principal, Dr. Richard Toro, y de los coautores, Dr. Manuel Leiva, de la misma casa de estudios superiores, y la Dra. Ana Vald\u00e9s, investigadora del Centro de Tecnolog\u00edas Nucleares en Ecosistemas Vulnerables de la <abbr class='c2c-text-hover' title='Comisi\u00f3n Chilena de Energ\u00eda Nuclear.'>CCHEN<\/abbr>.<\/p>\n<p>La investigaci\u00f3n se centrar\u00e1 en la zona industrial de Puchuncav\u00ed-Ventanas. All\u00ed se cuantificar\u00e1n los niveles de metales pesados en la atm\u00f3sfera, espec\u00edficamente, mercurio y material particulado. Se trata de material con efectos nocivos para la salud de las personas y otros seres vivos, por lo que conocer cu\u00e1nto material se concentra y c\u00f3mo se desplaza, desde la posible fuente a otros lugares, y comprender la din\u00e1mica de acumulaci\u00f3n y transporte, es muy importante para abordar el control y mitigaci\u00f3n de los efectos de esos contaminantes. La informaci\u00f3n recogida permitir\u00e1 estudiar la relaci\u00f3n de los niveles del material estudiado con la din\u00e1mica atmosf\u00e9rica y los patrones de viento, entre otros. As\u00ed, se podr\u00e1 identificar los puntos calientes de contaminaci\u00f3n del<br \/>\naire y sus fuentes, junto con la din\u00e1mica atmosf\u00e9rica y la extensi\u00f3n espacio-temporal de los metales estudiados.<\/p>\n<p>\u201cPara entender la importancia del proyecto y su impacto en la sociedad, concentr\u00e9monos un minuto en el mercurio (Hg), uno de los elementos traza m\u00e1s t\u00f3xicos en el medioambiente y uno de los productos qu\u00edmicos de mayor preocupaci\u00f3n para la Organizaci\u00f3n Mundial de la Salud. Esto, dado que se absorbe y bioacumula con facilidad, provoca efectos neurol\u00f3gicos y cardiovasculares en humanos, animales y plantas\u201d, se\u00f1al\u00f3 la Dra. Vald\u00e9s.<\/p>\n<p>Las fuentes antropog\u00e9nicas son responsables de casi el 30% de las emisiones anuales de Hg en el aire, mientras que solo un 10% proviene de fuentes geol\u00f3gicas naturales. El 60% restante proviene de la reemisi\u00f3n de material acumulado por d\u00e9cadas \u00a1e incluso siglos! en suelos superficiales y oc\u00e9anos.<\/p>\n<p>En el marco de ese proyecto, la Dra. Vald\u00e9s colaborar\u00e1, entre otros, en la investigaci\u00f3n de la relaci\u00f3n entre los niveles de concentraci\u00f3n de metales pesados y mercurio en el material particulado y las caracter\u00edsticas adquiridas por el suelo del \u00e1rea de estudio. Tambi\u00e9n ser\u00e1 clave la participaci\u00f3n del Departamento de Recursos Tecnol\u00f3gicos Compartidos de la <abbr class='c2c-text-hover' title='Comisi\u00f3n Chilena de Energ\u00eda Nuclear.'>CCHEN<\/abbr>, que ser\u00e1 responsable de la medici\u00f3n de los metales pesados en las muestras mediante el ICP-MS (Espectrometr\u00eda de Masas con Plasma Acoplado Inductivamente), una t\u00e9cnica de an\u00e1lisis inorg\u00e1nico elemental e isot\u00f3pico, que determina y cuantifica la mayor\u00eda de los elementos de la\u00a0tabla peri\u00f3dica.<\/p>\n<p><img loading=\"lazy\" decoding=\"async\" class=\"alignnone wp-image-6255\" src=\"http:\/\/www.cchen.cl\/wp-content\/uploads\/2022\/01\/ana_valdes_1110x357-300x96.png\" alt=\"\" width=\"891\" height=\"285\" srcset=\"https:\/\/www.cchen.cl\/wp-content\/uploads\/2022\/01\/ana_valdes_1110x357-300x96.png 300w, https:\/\/www.cchen.cl\/wp-content\/uploads\/2022\/01\/ana_valdes_1110x357-1024x329.png 1024w, https:\/\/www.cchen.cl\/wp-content\/uploads\/2022\/01\/ana_valdes_1110x357-768x247.png 768w\" sizes=\"auto, (max-width: 891px) 100vw, 891px\" \/><\/p>\n<p><span style=\"color: #148dc9;\"><strong>Los fen\u00f3menos din\u00e1micos del plasma<\/strong><\/span><\/p>\n<p>Otro de los proyectos adjudicados, en este caso a la Pontificia Universidad Cat\u00f3lica, se titula <strong>\u00ab<em>Investigation of energy and pressure balance near stagnation in liner-on-target gas-puff implosions\u00bb<\/em><\/strong>\u00a0(\u201cInvestigaci\u00f3n del balance de energ\u00eda y presi\u00f3n cerca de la estagnaci\u00f3n en implosiones \u00abliner-on-target gas-puff\u00bben espa\u00f1ol). Ser\u00e1 dirigido por el Dr. Julio Valenzuela, del Grupo de \u00d3ptica y Plasma de la PUC, y contar\u00e1 con la participaci\u00f3n, como coinvestigadores, del Dr. Felipe Veloso, de la misma Universidad, y del Dr. Gonzalo Avaria, del Centro de Investigaci\u00f3n en la Intersecci\u00f3n de F\u00edsica de Plasmas, Materia y Complejidad (P2mc) de la <abbr class='c2c-text-hover' title='Comisi\u00f3n Chilena de Energ\u00eda Nuclear.'>CCHEN<\/abbr>.<\/p>\n<p>Su objeto de estudio son las descargas tipo \u00abgas-puff\u00bb (\u00absoplo de gas\u00bb) en la etapa de implosi\u00f3n, caracterizadas por emitir distintos tipos de radiaci\u00f3n, especialmente rayos X. Este tipo de descargas funciona mediante la inyecci\u00f3n de un peque\u00f1o volumen de gas presurizado al espacio entre dos electrodos (\u00e1nodo y c\u00e1todo) de una descarga el\u00e9ctrica. Durante el desarrollo de este tipo de plasmas se presentan inestabilidades del tipo MRT (Magneto-Rayleigh-Taylor), que usualmente son mitigadas con distintos tipos de pre-ionizaci\u00f3n del gas o con la inclusi\u00f3n de un campo magn\u00e9tico axial. Tambi\u00e9n se presentan efectos asociados a la din\u00e1mica del plasma, que son contrarrestados utilizando variados dise\u00f1os de boquillas para la inyecci\u00f3n del gas.<\/p>\n<p>Entonces, una de las principales interrogantes a responder es cu\u00e1l es el mecanismo de calentamiento y enfriamiento del plasma en el momento de m\u00e1xima compresi\u00f3n (estagnaci\u00f3n). Para ello se propone estudiar la contribuci\u00f3n del campo magn\u00e9tico en su m\u00e1xima compresi\u00f3n, permitiendo determinar la fracci\u00f3n de la corriente total que pasa por el plasma en ese instante.<\/p>\n<p>Hasta ahora se cre\u00eda que el campo magn\u00e9tico presente en el plasma era suficiente para contrarrestar la presi\u00f3n del plasma durante la estagnaci\u00f3n, pero algunas propuestas muestran que este balance (entre la presi\u00f3n y el campo magn\u00e9tico) no es del todo correcto, ya que el balance se produce entre la presi\u00f3n del plasma (expansi\u00f3n) y la presi\u00f3n del material que se acerca en la<br \/>\nestagnaci\u00f3n (compresi\u00f3n). Existe, por tanto, una baja influencia del campo magn\u00e9tico en este proceso, lo que cambiar\u00eda la forma de comprender estos fen\u00f3menos din\u00e1micos del plasma.<\/p>\n<p>Para comprender la influencia de los fen\u00f3menos din\u00e1micos del plasma se busca inferir la temperatura real de los iones con t\u00e9cnicas de medici\u00f3n directa. Se plantea utilizar, por un lado, el ensanchamiento Stark, que permite relacionar el ensanchamiento de las l\u00edneas de emisi\u00f3n del plasma con la densidad de los electrones presentes. Por otro lado, se usar\u00e1 la t\u00e9cnica de Dispersi\u00f3n de Thomson (Thomson Scattering) para medir par\u00e1metros como densidad y temperatura, a partir de la interacci\u00f3n de un haz l\u00e1ser con el plasma. La dispersi\u00f3n de la luz l\u00e1ser en el plasma permite inferir estas cantidades. Por \u00faltimo, se utilizar\u00e1 la t\u00e9cnica de separaci\u00f3n de l\u00edneas de Zeeman, que permite determinar el campo magn\u00e9tico presente en el plasma al medir la separaci\u00f3n de las l\u00edneas de emisi\u00f3n espec\u00edficas que interact\u00faan con los campos magn\u00e9ticos presentes.<\/p>\n<p>\u201cDe esta forma, esperamos contribuir a generar conocimiento local para complementar las observaciones de la comunidad cient\u00edfica que estudia este tipo de fen\u00f3menos de compresi\u00f3n en descargas de plasma\u201d, puntualiz\u00f3 el Dr. Avaria.<\/p>\n<p><img loading=\"lazy\" decoding=\"async\" class=\"alignnone wp-image-6258\" src=\"http:\/\/www.cchen.cl\/wp-content\/uploads\/2022\/01\/gonzalo_avaria_1110x357-300x96.png\" alt=\"\" width=\"894\" height=\"286\" srcset=\"https:\/\/www.cchen.cl\/wp-content\/uploads\/2022\/01\/gonzalo_avaria_1110x357-300x96.png 300w, https:\/\/www.cchen.cl\/wp-content\/uploads\/2022\/01\/gonzalo_avaria_1110x357-1024x329.png 1024w, https:\/\/www.cchen.cl\/wp-content\/uploads\/2022\/01\/gonzalo_avaria_1110x357-768x247.png 768w\" sizes=\"auto, (max-width: 894px) 100vw, 894px\" \/><\/p>\n<p><span style=\"color: #148dc9;\"><strong>Novedosos sistemas de plasma h\u00edbrido<\/strong><\/span><\/p>\n<p>El proyecto denominado <em><strong>\u201cStudy on dual Radio frequency plasma assisted pulsed Laser deposition and magnetron plasma enhanced pulsed Laser deposition for high quality nanostructured thin film fabrication\u201d<\/strong> <\/em>(\u201cEstudio sobre deposici\u00f3n l\u00e1ser pulsada asistida por plasma de radiofrecuencia dual y deposici\u00f3n l\u00e1ser pulsada mejorada con plasma de magnetr\u00f3n para la fabricaci\u00f3n de pel\u00edculas delgadas nanoestructuradas de alta calidad\u201d en espa\u00f1ol), adjudicado a la Pontificia Universidad Cat\u00f3lica, est\u00e1 a cargo del Dr. Heman Bhuyan del Centro de Investigaci\u00f3n en Nanotecnolog\u00eda y Materiales Avanzados de la PUC. Participa como coinvestigador el Dr. Biswajit Bora, del Centro de Investigaci\u00f3n en la Intersecci\u00f3n de F\u00edsica de Plasmas, Materia y Complejidad (P2mc) de la <abbr class='c2c-text-hover' title='Comisi\u00f3n Chilena de Energ\u00eda Nuclear.'>CCHEN<\/abbr>.<\/p>\n<p>Las tecnolog\u00edas basadas en el uso de plasmas, el llamado cuarto estado de la materia, se ha convertido en uno de los m\u00e9todos emergentes m\u00e1s efectivos y de mayor impacto en las industrias manufactureras modernas. Ofrece oportunidades \u00fanicas y novedosas para el procesamiento de materiales de alto valor agregado. Recientemente, las fuentes de plasma duales basadas en radiofrecuencia son de particular inter\u00e9s debido a que permite un control independiente de la energ\u00eda y del flujo de los iones.<\/p>\n<p>Actualmente, las tecnolog\u00edas basadas en plasma se est\u00e1n centrando mucho m\u00e1s en el desarrollo de fuentes nuevas o h\u00edbridas para fabricar pel\u00edculas delgadas nanoestructuradas de alta calidad y materiales avanzados. Precisamente, el dep\u00f3sito por l\u00e1ser pulsado, asistido con plasma, es una nueva t\u00e9cnica para la fabricaci\u00f3n de pel\u00edculas delgadas nanoestructuradas de alta calidad.<\/p>\n<p>En este proyecto se investigar\u00e1 la f\u00edsica fundamental y la aplicaci\u00f3n de t\u00e9cnicas de producci\u00f3n de plasmas usando l\u00e1seres pulsados con descargas el\u00e9ctricas oscilatorias en la deposici\u00f3n de material para la formaci\u00f3n de pel\u00edculas delgadas. Se debe estudiar c\u00f3mo interact\u00faan los plasmas con diferentes materiales y de all\u00ed identificar aplicaciones potenciales en deposiciones de pel\u00edculas delgadas\u201d, puntualiz\u00f3 el Dr. Bora.<\/p>\n<p><img loading=\"lazy\" decoding=\"async\" class=\"alignnone wp-image-6256\" src=\"http:\/\/www.cchen.cl\/wp-content\/uploads\/2022\/01\/biswajit_bora_1110x357-300x96.png\" alt=\"\" width=\"903\" height=\"289\" srcset=\"https:\/\/www.cchen.cl\/wp-content\/uploads\/2022\/01\/biswajit_bora_1110x357-300x96.png 300w, https:\/\/www.cchen.cl\/wp-content\/uploads\/2022\/01\/biswajit_bora_1110x357-1024x329.png 1024w, https:\/\/www.cchen.cl\/wp-content\/uploads\/2022\/01\/biswajit_bora_1110x357-768x247.png 768w, https:\/\/www.cchen.cl\/wp-content\/uploads\/2022\/01\/biswajit_bora_1110x357.png 1110w\" sizes=\"auto, (max-width: 903px) 100vw, 903px\" \/><\/p>\n","protected":false},"excerpt":{"rendered":"<p>Hace algunos d\u00edas, la Agencia Nacional de Investigaci\u00f3n y Desarrollo (ANID) anunci\u00f3 los resultados del concurso del Fondo Nacional de Desarrollo Cient\u00edfico y Tecnol\u00f3gico (Fondecyt), donde la Comisi\u00f3n Chilena de Energ\u00eda Nuclear (<abbr class='c2c-text-hover' title='Comisi\u00f3n Chilena de Energ\u00eda Nuclear.'>CCHEN<\/abbr>) se adjudic\u00f3 dos proyectos, como instituci\u00f3n principal, y tres donde act\u00faa como coautora. El Director Ejecutivo (S) y jefe de la Divisi\u00f3n&#8230; <a class=\"read-more\" href=\"https:\/\/www.cchen.cl\/?p=6252\">Leer m\u00e1s >><\/a><\/p>\n","protected":false},"author":3,"featured_media":0,"comment_status":"closed","ping_status":"closed","sticky":false,"template":"","format":"standard","meta":{"footnotes":"","_links_to":"","_links_to_target":""},"categories":[17],"tags":[],"class_list":["post-6252","post","type-post","status-publish","format-standard","hentry","category-noticias"],"_links":{"self":[{"href":"https:\/\/www.cchen.cl\/index.php?rest_route=\/wp\/v2\/posts\/6252","targetHints":{"allow":["GET"]}}],"collection":[{"href":"https:\/\/www.cchen.cl\/index.php?rest_route=\/wp\/v2\/posts"}],"about":[{"href":"https:\/\/www.cchen.cl\/index.php?rest_route=\/wp\/v2\/types\/post"}],"author":[{"embeddable":true,"href":"https:\/\/www.cchen.cl\/index.php?rest_route=\/wp\/v2\/users\/3"}],"replies":[{"embeddable":true,"href":"https:\/\/www.cchen.cl\/index.php?rest_route=%2Fwp%2Fv2%2Fcomments&post=6252"}],"version-history":[{"count":13,"href":"https:\/\/www.cchen.cl\/index.php?rest_route=\/wp\/v2\/posts\/6252\/revisions"}],"predecessor-version":[{"id":6271,"href":"https:\/\/www.cchen.cl\/index.php?rest_route=\/wp\/v2\/posts\/6252\/revisions\/6271"}],"wp:attachment":[{"href":"https:\/\/www.cchen.cl\/index.php?rest_route=%2Fwp%2Fv2%2Fmedia&parent=6252"}],"wp:term":[{"taxonomy":"category","embeddable":true,"href":"https:\/\/www.cchen.cl\/index.php?rest_route=%2Fwp%2Fv2%2Fcategories&post=6252"},{"taxonomy":"post_tag","embeddable":true,"href":"https:\/\/www.cchen.cl\/index.php?rest_route=%2Fwp%2Fv2%2Ftags&post=6252"}],"curies":[{"name":"wp","href":"https:\/\/api.w.org\/{rel}","templated":true}]}}