{"id":6477,"date":"2022-03-10T08:40:09","date_gmt":"2022-03-10T12:40:09","guid":{"rendered":"https:\/\/www.cchen.cl\/?p=6477"},"modified":"2022-03-10T08:40:09","modified_gmt":"2022-03-10T12:40:09","slug":"mujeres-de-nuestra-historia-inspiran-a-nuevas-generaciones","status":"publish","type":"post","link":"https:\/\/www.cchen.cl\/?p=6477","title":{"rendered":"Mujeres de nuestra historia inspiran a nuevas generaciones"},"content":{"rendered":"<p>&nbsp;<\/p>\n<p><img loading=\"lazy\" decoding=\"async\" class=\"aligncenter size-medium\" src=\"http:\/\/www.cchen.cl\/wp-content\/uploads\/2022\/03\/dia_mujer_1110x357.png\" width=\"1110\" height=\"357\" \/><\/p>\n<p>Durante una significativa ceremonia, enmarcada en el D\u00eda Internacional de la Mujer, la Comisi\u00f3n Chilena de Energ\u00eda Nuclear (<abbr class='c2c-text-hover' title='Comisi\u00f3n Chilena de Energ\u00eda Nuclear.'>CCHEN<\/abbr>), a trav\u00e9s de su \u00e1rea vinculada a Agenda de G\u00e9nero, realiz\u00f3 un reconocimiento a tres mujeres que fueron clave en hitos determinantes para la historia de la energ\u00eda nuclear en Chile.<\/p>\n<p><img loading=\"lazy\" decoding=\"async\" class=\"aligncenter size-medium\" src=\"http:\/\/www.cchen.cl\/wp-content\/uploads\/2022\/03\/mujeres_nucleares_1110x357.png\" width=\"1110\" height=\"357\" \/><\/p>\n<p>Se trata de <strong>Luz Chuaqui Jahiatt<\/strong> (periodo <abbr class='c2c-text-hover' title='Comisi\u00f3n Chilena de Energ\u00eda Nuclear.'>CCHEN<\/abbr>: 1980-1999), la primera mujer Ingeniera Civil Electricista de Chile, reconocida por desarrollarse en temas de investigaci\u00f3n en campos poco tradicionales, como la energ\u00eda nuclear. En 1980 ingres\u00f3 a nuestro Departamento de Computaci\u00f3n, para interpretar datos e im\u00e1genes relacionados con activaci\u00f3n neutr\u00f3nica, concentraciones isot\u00f3picas generadas por uranio, y trazadores radiactivos para industria y miner\u00eda. Tambi\u00e9n integr\u00f3 el grupo de F\u00edsica de Reactores, donde instal\u00f3 programas de c\u00e1lculos neutr\u00f3nicos complejos para los reactores de investigaci\u00f3n <abbr class='c2c-text-hover' title='Reactor Experimental Chileno N\u00ba1, ubicado en el Centro de Estudios Nucleares La Reina.'>RECH-1<\/abbr> y <abbr class='c2c-text-hover' title='Reactor Experimental Chileno N\u00ba2, ubicado en el Centro de Estudios Nucleares Lo Aguirre.'>RECH-2<\/abbr>, entre otros.<\/p>\n<p><img loading=\"lazy\" decoding=\"async\" class=\"aligncenter size-medium\" src=\"http:\/\/www.cchen.cl\/wp-content\/uploads\/2022\/03\/luz_1110x357.png\" width=\"1110\" height=\"357\" \/><\/p>\n<p>Por otra parte, tambi\u00e9n se reconoci\u00f3 a <strong>Olga In\u00e9s Pino N\u00fa\u00f1ez<\/strong> (periodo <abbr class='c2c-text-hover' title='Comisi\u00f3n Chilena de Energ\u00eda Nuclear.'>CCHEN<\/abbr>: 1982-2009), quien integr\u00f3 el grupo que comenz\u00f3 a desarrollar en la <abbr class='c2c-text-hover' title='Comisi\u00f3n Chilena de Energ\u00eda Nuclear.'>CCHEN<\/abbr> los primeros estudios que aplicaban t\u00e9cnicas isot\u00f3picas en agricultura, con especializaci\u00f3n en suelos y su relaci\u00f3n con el uso eficiente de f\u00f3sforo. Lleg\u00f3 a ser referente en la materia, gracias a sus m\u00e1s de 70 publicaciones cient\u00edficas, y a su notable labor, que permiti\u00f3 proyectar internacionalmente el Laboratorio de Agricultura, lo que le vali\u00f3 el reconocimiento del <a href=\"https:\/\/www.iaea.org\/\" target=\"_blank\" rel=\"noopener\">Organismo Internacional de Energ\u00eda At\u00f3mica (OIEA)<\/a>.<\/p>\n<p><img loading=\"lazy\" decoding=\"async\" class=\"aligncenter size-medium\" src=\"http:\/\/www.cchen.cl\/wp-content\/uploads\/2022\/03\/ines_1110x357.png\" width=\"1110\" height=\"357\" \/><\/p>\n<p>Finalmente, se destac\u00f3 a <strong>Luc\u00eda Mella Moreno <\/strong>(periodo <abbr class='c2c-text-hover' title='Comisi\u00f3n Chilena de Energ\u00eda Nuclear.'>CCHEN<\/abbr>: 1970-2003), primera mujer en desempe\u00f1arse como Oficial de Protecci\u00f3n Radiol\u00f3gica. Desde ese rol particip\u00f3 en 1974, en la puesta a cr\u00edtico del primer reactor nuclear chileno, donde era la \u00fanica mujer del equipo. Tambi\u00e9n se desempe\u00f1\u00f3 en la Unidad de Contabilidad y Control de Materiales Nucleares y Salvaguardia Nuclear, cargo que representa al Estado en la obligaci\u00f3n jur\u00eddica ante el OIEA de no utilizar de manera indebida las instalaciones nucleares y de no desviar los materiales nucleares de los usos pac\u00edficos.<\/p>\n<p><img loading=\"lazy\" decoding=\"async\" class=\"aligncenter size-medium\" src=\"http:\/\/www.cchen.cl\/wp-content\/uploads\/2022\/03\/dia_mujer_1110x357.png\" width=\"1110\" height=\"357\" \/><\/p>\n<p>Conoce m\u00e1s de Luc\u00eda Mella, Olga Pino y Luz Chuaqui <a href=\"https:\/\/www.cchen.cl\/?page_id=6408\" target=\"_blank\" rel=\"noopener\">aqu\u00ed<\/a>.<\/p>\n<h3>Un emotivo encuentro<\/h3>\n<p>A la ceremonia asisti\u00f3 <strong>Marcela Zulantay Alfaro<\/strong>, encargada del programa Energ\u00eda M\u00e1s Mujer del Ministerio de Energ\u00eda; <strong>Marcela Siri<\/strong>, directora de Asuntos Corporativos y Sustentabilidad de L&#8217;Or\u00e9al Chile; junto a los familiares de las tres profesionales destacadas en la ocasi\u00f3n.<\/p>\n<p>Las primeras palabras fueron las de Marcela Zulantay, quien destac\u00f3 que \u201c<em>en 2016, el Ministerio de Energ\u00eda incorpor\u00f3 la tem\u00e1tica de g\u00e9nero en todas sus pol\u00edticas p\u00fablicas enfocadas en un sector tan masculinizado como es el de energ\u00eda, que cuenta con poca representaci\u00f3n femenina, la que alcanza un 23%. Por lo tanto, el mejor homenaje que podemos hacer a estas mujeres pioneras es seguir trabajando por emparejar la cancha para que las nuevas generaciones entren en igualdad de condiciones<\/em>\u201d. Zulantay destac\u00f3, en sus palabras, las iniciativas que tanto la <abbr class='c2c-text-hover' title='Comisi\u00f3n Chilena de Energ\u00eda Nuclear.'>CCHEN<\/abbr>, como el cap\u00edtulo Women in Nuclear Chile, llevan a cabo para promover esta mayor participaci\u00f3n femenina e igualar las condiciones.<\/p>\n<p>A continuaci\u00f3n, el Director Ejecutivo de la <abbr class='c2c-text-hover' title='Comisi\u00f3n Chilena de Energ\u00eda Nuclear.'>CCHEN<\/abbr>, <strong>Jaime Salas Kurte<\/strong>, puntualiz\u00f3 que \u201c<em>buscamos reconocer a estas tres mujeres, que han sido ic\u00f3nicas en nuestra Instituci\u00f3n, en el marco del D\u00eda Internacional de la Mujer, oportunidad en la que reforzamos nuestra convicci\u00f3n respecto del rol de la mujer, el que nos ha permitido concretar nuestra principal funci\u00f3n que es contribuir al pa\u00eds, desde diferentes perspectivas. Cuando miramos esta <abbr class='c2c-text-hover' title='Comisi\u00f3n Chilena de Energ\u00eda Nuclear.'>CCHEN<\/abbr>, nos damos cuenta que est\u00e1 presente en tantas \u00e1reas de la sociedad, conformando un conjunto integrado muy interesante, y es justamente esta radiograf\u00eda la que nos permite poner en perspectiva a estas tres mujeres, que provienen de \u00e1reas tan diversas, pero que funcionan de manera tan integrada<\/em>\u201d.<\/p>\n<p>Cabe destacar que a la ceremonia asisti\u00f3 Luc\u00eda Mella, quien agradeci\u00f3 la invitaci\u00f3n: \u201c<em>En el D\u00eda Internacional de la Mujer, es un honor para m\u00ed recibir este reconocimiento, tras desempe\u00f1arme 34 fruct\u00edferos a\u00f1os en la <abbr class='c2c-text-hover' title='Comisi\u00f3n Chilena de Energ\u00eda Nuclear.'>CCHEN<\/abbr>. A pesar de que por mucho tiempo fui la \u00fanica mujer que se desempe\u00f1\u00f3 en protecci\u00f3n radiol\u00f3gica, siento que esta Instituci\u00f3n fue precursora en igualdad de g\u00e9nero, al integrar a grandes mujeres a puestos clave, incluyendo el de directora ejecutiva. Hoy, m\u00e1s mujeres optan por estas disciplinas, y a todas ellas las invito a seguir sus sue\u00f1os, siempre con decisi\u00f3n, convicci\u00f3n, entusiasmo y esp\u00edritu de superaci\u00f3n, sin dejar de lado el compa\u00f1erismo, la amistad y el trabajo en equipo<\/em>\u201d.<\/p>\n<h3>Agentes <abbr class='c2c-text-hover' title='La sigla STEM fue acu\u00f1ada durante la d\u00e9cada de 1990 por la National Science Foundation de Estados Unidos para referirse al conjunto de disciplinas de ciencia, tecnolog\u00eda, ingenier\u00eda y matem\u00e1ticas (Science, Technology, Engineering y Mathematics).'>STEM<\/abbr><\/h3>\n<p>La iniciativa, desarrollada en el Centro de Estudios Nucleares La Reina de la <abbr class='c2c-text-hover' title='Comisi\u00f3n Chilena de Energ\u00eda Nuclear.'>CCHEN<\/abbr>, fue organizada por la Dupla de G\u00e9nero de la Instituci\u00f3n, integrada por <strong>Marcela Ojeda Jaramillo<\/strong> y <strong>Luis Manr\u00edquez L\u00f3pez<\/strong>.<\/p>\n<p>\u201c<em>Durante dos a\u00f1os hemos estado realizando visitas cient\u00edficas a ni\u00f1as de 12 a 21 a\u00f1os, a las que llamamos <strong>Agentes <abbr class='c2c-text-hover' title='La sigla STEM fue acu\u00f1ada durante la d\u00e9cada de 1990 por la National Science Foundation de Estados Unidos para referirse al conjunto de disciplinas de ciencia, tecnolog\u00eda, ingenier\u00eda y matem\u00e1ticas (Science, Technology, Engineering y Mathematics).'>STEM<\/abbr><\/strong>. Y, justamente, trabajando en esto, hemos podido acercarnos y conocer m\u00e1s de cerca sus realidades, intereses y motivaciones\u201d, comentan Marcela Ojeda y Luis Manr\u00edquez, quienes agregan que \u201csabiendo la importancia que implica contar con referentes positivos, es que hoy nos centramos en investigar y divulgar sobre mujeres que inspiren a las nuevas generaciones; mujeres que rompieron con lo establecido, que descubrieron cosas, que trabajaron por sus sue\u00f1os y que lograron sus metas. Eso es lo que queremos inculcar y transmitir hoy a nuestras Agentes <abbr class='c2c-text-hover' title='La sigla STEM fue acu\u00f1ada durante la d\u00e9cada de 1990 por la National Science Foundation de Estados Unidos para referirse al conjunto de disciplinas de ciencia, tecnolog\u00eda, ingenier\u00eda y matem\u00e1ticas (Science, Technology, Engineering y Mathematics).'>STEM<\/abbr>, y ejemplos como Luc\u00eda, In\u00e9s y Luz nos ayudan, sin duda, a esta tarea<\/em>\u201d.<\/p>\n<p><img loading=\"lazy\" decoding=\"async\" class=\"aligncenter size-medium\" src=\"http:\/\/www.cchen.cl\/wp-content\/uploads\/2022\/03\/foto_grupal_1110x357.png\" width=\"1110\" height=\"357\" \/><\/p>\n","protected":false},"excerpt":{"rendered":"<p>&nbsp; Durante una significativa ceremonia, enmarcada en el D\u00eda Internacional de la Mujer, la Comisi\u00f3n Chilena de Energ\u00eda Nuclear (<abbr class='c2c-text-hover' title='Comisi\u00f3n Chilena de Energ\u00eda Nuclear.'>CCHEN<\/abbr>), a trav\u00e9s de su \u00e1rea vinculada a Agenda de G\u00e9nero, realiz\u00f3 un reconocimiento a tres mujeres que fueron clave en hitos determinantes para la historia de la energ\u00eda nuclear en Chile. Se trata de Luz&#8230; <a class=\"read-more\" href=\"https:\/\/www.cchen.cl\/?p=6477\">Leer m\u00e1s >><\/a><\/p>\n","protected":false},"author":3,"featured_media":0,"comment_status":"closed","ping_status":"closed","sticky":false,"template":"","format":"standard","meta":{"footnotes":"","_links_to":"","_links_to_target":""},"categories":[17],"tags":[],"class_list":["post-6477","post","type-post","status-publish","format-standard","hentry","category-noticias"],"_links":{"self":[{"href":"https:\/\/www.cchen.cl\/index.php?rest_route=\/wp\/v2\/posts\/6477","targetHints":{"allow":["GET"]}}],"collection":[{"href":"https:\/\/www.cchen.cl\/index.php?rest_route=\/wp\/v2\/posts"}],"about":[{"href":"https:\/\/www.cchen.cl\/index.php?rest_route=\/wp\/v2\/types\/post"}],"author":[{"embeddable":true,"href":"https:\/\/www.cchen.cl\/index.php?rest_route=\/wp\/v2\/users\/3"}],"replies":[{"embeddable":true,"href":"https:\/\/www.cchen.cl\/index.php?rest_route=%2Fwp%2Fv2%2Fcomments&post=6477"}],"version-history":[{"count":1,"href":"https:\/\/www.cchen.cl\/index.php?rest_route=\/wp\/v2\/posts\/6477\/revisions"}],"predecessor-version":[{"id":6478,"href":"https:\/\/www.cchen.cl\/index.php?rest_route=\/wp\/v2\/posts\/6477\/revisions\/6478"}],"wp:attachment":[{"href":"https:\/\/www.cchen.cl\/index.php?rest_route=%2Fwp%2Fv2%2Fmedia&parent=6477"}],"wp:term":[{"taxonomy":"category","embeddable":true,"href":"https:\/\/www.cchen.cl\/index.php?rest_route=%2Fwp%2Fv2%2Fcategories&post=6477"},{"taxonomy":"post_tag","embeddable":true,"href":"https:\/\/www.cchen.cl\/index.php?rest_route=%2Fwp%2Fv2%2Ftags&post=6477"}],"curies":[{"name":"wp","href":"https:\/\/api.w.org\/{rel}","templated":true}]}}