{"id":6670,"date":"2022-04-08T16:23:44","date_gmt":"2022-04-08T20:23:44","guid":{"rendered":"https:\/\/www.cchen.cl\/?p=6670"},"modified":"2022-04-11T17:14:17","modified_gmt":"2022-04-11T21:14:17","slug":"amplia-cooperacion-internacional-fortalece-marco-legal-para-la-seguridad-fisica-nuclear","status":"publish","type":"post","link":"https:\/\/www.cchen.cl\/?p=6670","title":{"rendered":"Amplia cooperaci\u00f3n internacional fortalece marco legal para la seguridad f\u00edsica nuclear"},"content":{"rendered":"<p><img loading=\"lazy\" decoding=\"async\" class=\"aligncenter size-medium\" src=\"http:\/\/www.cchen.cl\/wp-content\/uploads\/2022\/04\/convenion_OIEA_1110x357.png\" width=\"1110\" height=\"357\" \/><\/p>\n<p>\u201cUn hito significativo para la seguridad nuclear\u201d, as\u00ed se refiri\u00f3 el Director General del Organismo Internacional de Energ\u00eda At\u00f3mica (OIEA), Rafael Mariano Grossi, en relaci\u00f3n a la <strong>Conferencia de la Convenci\u00f3n Enmendada sobre la Protecci\u00f3n F\u00edsica de los Materiales<\/strong> (ACPPNM, por sus siglas en ingl\u00e9s), realizada entre el 28 de marzo y 1 de abril de 2022, en Austria. Este evento vino a marcar un hito clave en el desarrollo del marco jur\u00eddico internacional para la seguridad f\u00edsica nuclear.<\/p>\n<p>El encuentro cont\u00f3 con la participaci\u00f3n de 130 pa\u00edses, junto a organismos intergubernamentales, no gubernamentales e Interpol (Organizaci\u00f3n Internacional de Polic\u00eda Criminal), todos quienes han tenido un rol en cuanto a representatividad y colaboraci\u00f3n en el cumplimiento global de la Convenci\u00f3n Enmendada.<\/p>\n<p>La Convenci\u00f3n sobre la Protecci\u00f3n F\u00edsica de los Materiales entr\u00f3 en vigor el 8 de febrero de 1987. Luego, el 8 de julio de 2005 las Partes en la Convenci\u00f3n aprobaron, por consenso, una enmienda que entr\u00f3 en vigencia el 8 de mayo de 2016. Nuestro pa\u00eds adhiri\u00f3 a la Enmienda en 2009, tras lo cual promulg\u00f3 un Decreto Supremo en el a\u00f1o 2016.<\/p>\n<p>En representaci\u00f3n de Chile asistieron a la Conferencia la Embajadora de Chile en Austria, Bel\u00e9n Sapag; el Consejero de la Misi\u00f3n de Chile en Viena, Rodrigo Ruiz; y Fernando Vega, de la Divisi\u00f3n de Seguridad Nuclear y Radiol\u00f3gica de la Comisi\u00f3n Chilena de Energ\u00eda Nuclear (<abbr class='c2c-text-hover' title='Comisi\u00f3n Chilena de Energ\u00eda Nuclear.'>CCHEN<\/abbr>), quien act\u00faa como punto focal de la Convenci\u00f3n.<\/p>\n<p>\u201c<em>Fue una instancia para compartir las experiencias de los pa\u00edses presentes, junto con analizar y evaluar la aplicaci\u00f3n y las dificultades que se han presentado hasta ahora, todo esto para mejorar su aplicaci\u00f3n en el pa\u00eds y as\u00ed dar cumplimiento a las indicaciones contenidas de esta Convenci\u00f3n Enmendada<\/em>\u201d, coment\u00f3 Fernando Vega.<\/p>\n<p>La Convenci\u00f3n y su Enmienda proporcionan un marco s\u00f3lido para proteger las instalaciones nucleares y el material nuclear durante su uso, almacenamiento y transporte. Implica la armonizaci\u00f3n de enfoques para combatir actos delictivos que involucran este tipo de instalaciones y materiales, y es la base para la cooperaci\u00f3n internacional en lo que respecta a localizaci\u00f3n y recuperaci\u00f3n de material nuclear robado o de contrabando, as\u00ed como en caso de sabotaje.<\/p>\n<h3>Los desaf\u00edos de la Convenci\u00f3n<\/h3>\n<p>El principal desaf\u00edo de la Convenci\u00f3n Enmendada sobre la Protecci\u00f3n F\u00edsica de los Materiales tiene relaci\u00f3n con el continuo fortalecimiento de la arquitectura de la seguridad f\u00edsica nuclear del pa\u00eds, lo que, adem\u00e1s, implica un trabajo coordinado con las organizaciones que tienen responsabilidades en esta \u00e1rea.<\/p>\n<p>Por otra parte, durante esta \u00faltima Conferencia se hizo un en\u00e9rgico llamado para que los Estados que a\u00fan no han adherido a esta iniciativa, lo hagan, en pos de continuar ampliando la cooperaci\u00f3n internacional para el fortalecimiento del marco legal para la seguridad f\u00edsica nuclear.<\/p>\n<h3>El rol regulador de la <abbr class='c2c-text-hover' title='Comisi\u00f3n Chilena de Energ\u00eda Nuclear.'>CCHEN<\/abbr><\/h3>\n<p>Actualmente, nuestro pa\u00eds cuenta con un <a href=\"https:\/\/www.cchen.cl\/?page_id=432\" target=\"_blank\" rel=\"noopener\">marco regulatorio y normativo<\/a> para dar cumplimiento a la Convenci\u00f3n Enmendada. Dicho marco considera, entre otros, la Ley N\u00b0 16319 que crea la Comisi\u00f3n Chilena de Energ\u00eda Nuclear y la Ley de Seguridad Nuclear N\u00b0 18.302.<\/p>\n<p>Lo anterior constituye, a su vez, el marco bajo el cual la Comisi\u00f3n Chilena de Energ\u00eda Nuclear cumple, entre otras funciones, la de regulaci\u00f3n. En t\u00e9rminos generales, su objetivo es velar por el cumplimiento de la normativa legal vigente que aplica a instalaciones nucleares y radiactivas, para evitar el sabotaje y retiro no autorizado de materiales nucleares y as\u00ed prevenir los efectos nocivos de las radiaciones ionizantes sobre las personas y el medioambiente.<\/p>\n<figure id=\"attachment_6672\" aria-describedby=\"caption-attachment-6672\" style=\"width: 600px\" class=\"wp-caption aligncenter\"><img loading=\"lazy\" decoding=\"async\" class=\"wp-image-6672\" src=\"http:\/\/www.cchen.cl\/wp-content\/uploads\/2022\/04\/vega_grossi1.png\" alt=\"\" width=\"600\" height=\"400\" srcset=\"https:\/\/www.cchen.cl\/wp-content\/uploads\/2022\/04\/vega_grossi1.png 900w, https:\/\/www.cchen.cl\/wp-content\/uploads\/2022\/04\/vega_grossi1-300x200.png 300w, https:\/\/www.cchen.cl\/wp-content\/uploads\/2022\/04\/vega_grossi1-768x512.png 768w\" sizes=\"auto, (max-width: 600px) 100vw, 600px\" \/><figcaption id=\"caption-attachment-6672\" class=\"wp-caption-text\"><strong>Fernando Vega<\/strong>, de la Divisi\u00f3n de Seguridad Nuclear y Radiol\u00f3gica de la <abbr class='c2c-text-hover' title='Comisi\u00f3n Chilena de Energ\u00eda Nuclear.'>CCHEN<\/abbr>, junto al Director General del OIEA, <strong>Rafael Mariano Grossi<\/strong>.<\/figcaption><\/figure>\n<p>&nbsp;<\/p>\n<figure id=\"attachment_6673\" aria-describedby=\"caption-attachment-6673\" style=\"width: 600px\" class=\"wp-caption aligncenter\"><img loading=\"lazy\" decoding=\"async\" class=\"wp-image-6673\" src=\"http:\/\/www.cchen.cl\/wp-content\/uploads\/2022\/04\/vega2-300x200.png\" alt=\"\" width=\"600\" height=\"400\" srcset=\"https:\/\/www.cchen.cl\/wp-content\/uploads\/2022\/04\/vega2-300x200.png 300w, https:\/\/www.cchen.cl\/wp-content\/uploads\/2022\/04\/vega2-768x512.png 768w, https:\/\/www.cchen.cl\/wp-content\/uploads\/2022\/04\/vega2.png 900w\" sizes=\"auto, (max-width: 600px) 100vw, 600px\" \/><figcaption id=\"caption-attachment-6673\" class=\"wp-caption-text\">Durante la Conferencia, (izq. a der.: <strong>Rodrigo Ruiz<\/strong>, Consejero de la Embajada de Chile en Viena; <strong>Bel\u00e9n Sapag<\/strong>, Embajadora de Chile en Viena; y <strong>Fernando Vega<\/strong>, de la <abbr class='c2c-text-hover' title='Comisi\u00f3n Chilena de Energ\u00eda Nuclear.'>CCHEN<\/abbr>.<\/figcaption><\/figure>\n","protected":false},"excerpt":{"rendered":"<p>\u201cUn hito significativo para la seguridad nuclear\u201d, as\u00ed se refiri\u00f3 el Director General del Organismo Internacional de Energ\u00eda At\u00f3mica (OIEA), Rafael Mariano Grossi, en relaci\u00f3n a la Conferencia de la Convenci\u00f3n Enmendada sobre la Protecci\u00f3n F\u00edsica de los Materiales (ACPPNM, por sus siglas en ingl\u00e9s), realizada entre el 28 de marzo y 1 de abril&#8230; <a class=\"read-more\" href=\"https:\/\/www.cchen.cl\/?p=6670\">Leer m\u00e1s >><\/a><\/p>\n","protected":false},"author":3,"featured_media":0,"comment_status":"closed","ping_status":"closed","sticky":false,"template":"","format":"standard","meta":{"footnotes":"","_links_to":"","_links_to_target":""},"categories":[17],"tags":[],"class_list":["post-6670","post","type-post","status-publish","format-standard","hentry","category-noticias"],"_links":{"self":[{"href":"https:\/\/www.cchen.cl\/index.php?rest_route=\/wp\/v2\/posts\/6670","targetHints":{"allow":["GET"]}}],"collection":[{"href":"https:\/\/www.cchen.cl\/index.php?rest_route=\/wp\/v2\/posts"}],"about":[{"href":"https:\/\/www.cchen.cl\/index.php?rest_route=\/wp\/v2\/types\/post"}],"author":[{"embeddable":true,"href":"https:\/\/www.cchen.cl\/index.php?rest_route=\/wp\/v2\/users\/3"}],"replies":[{"embeddable":true,"href":"https:\/\/www.cchen.cl\/index.php?rest_route=%2Fwp%2Fv2%2Fcomments&post=6670"}],"version-history":[{"count":4,"href":"https:\/\/www.cchen.cl\/index.php?rest_route=\/wp\/v2\/posts\/6670\/revisions"}],"predecessor-version":[{"id":6677,"href":"https:\/\/www.cchen.cl\/index.php?rest_route=\/wp\/v2\/posts\/6670\/revisions\/6677"}],"wp:attachment":[{"href":"https:\/\/www.cchen.cl\/index.php?rest_route=%2Fwp%2Fv2%2Fmedia&parent=6670"}],"wp:term":[{"taxonomy":"category","embeddable":true,"href":"https:\/\/www.cchen.cl\/index.php?rest_route=%2Fwp%2Fv2%2Fcategories&post=6670"},{"taxonomy":"post_tag","embeddable":true,"href":"https:\/\/www.cchen.cl\/index.php?rest_route=%2Fwp%2Fv2%2Ftags&post=6670"}],"curies":[{"name":"wp","href":"https:\/\/api.w.org\/{rel}","templated":true}]}}