{"id":6775,"date":"2022-07-12T11:49:16","date_gmt":"2022-07-12T15:49:16","guid":{"rendered":"https:\/\/www.cchen.cl\/?p=6775"},"modified":"2022-07-12T15:13:48","modified_gmt":"2022-07-12T19:13:48","slug":"en-julio-tres-eventos-regionales-en-santiago-para-la-gestion-del-conocimiento-nuclear","status":"publish","type":"post","link":"https:\/\/www.cchen.cl\/?p=6775","title":{"rendered":"En julio: tres eventos regionales en Santiago para la gesti\u00f3n del conocimiento nuclear"},"content":{"rendered":"<p><img loading=\"lazy\" decoding=\"async\" class=\"aligncenter size-full wp-image-6777\" src=\"http:\/\/www.cchen.cl\/wp-content\/uploads\/2022\/07\/lanent_eventos.png\" alt=\"\" width=\"1110\" height=\"357\" srcset=\"https:\/\/www.cchen.cl\/wp-content\/uploads\/2022\/07\/lanent_eventos.png 1110w, https:\/\/www.cchen.cl\/wp-content\/uploads\/2022\/07\/lanent_eventos-300x96.png 300w, https:\/\/www.cchen.cl\/wp-content\/uploads\/2022\/07\/lanent_eventos-1024x329.png 1024w, https:\/\/www.cchen.cl\/wp-content\/uploads\/2022\/07\/lanent_eventos-768x247.png 768w\" sizes=\"auto, (max-width: 1110px) 100vw, 1110px\" \/><\/p>\n<p>Contin\u00faan los avances de las coordinaciones y preparativos del <strong>III Simposio Internacional sobre Educaci\u00f3n, Capacitaci\u00f3n, Difusi\u00f3n y Gesti\u00f3n del Conocimiento Nuclear de la red LANENT<\/strong>, as\u00ed como de los <strong>Cursos Regionales \u201cNucleando\u201d<\/strong> y <strong>Gesti\u00f3n del Conocimiento en el \u00c1rea Nuclear<\/strong>, tres eventos que se desarrollar\u00e1n en forma simult\u00e1nea en Santiago entre el <strong>20 y el 29 de julio<\/strong>.<\/p>\n<p>Las actividades se llevar\u00e1n a cabo en dependencias de la Universidad Metropolitana de Ciencias de la Educaci\u00f3n, UMCE, y de la Universidad Tecnol\u00f3gica Metropolitana, UTEM y cuentan con el apoyo del OIEA y el auspicio de la <abbr class='c2c-text-hover' title='Comisi\u00f3n Chilena de Energ\u00eda Nuclear.'>CCHEN<\/abbr>.<\/p>\n<p>Como parte del programa de actividades se contempla la visita de las delegaciones de los cursos regionales al CEN La Reina, as\u00ed como una reuni\u00f3n de los coordinadores nacionales del proyecto <strong>RLA0065<\/strong>, a realizarse el <strong>lunes 25 de julio<\/strong>.<\/p>\n<p>A la fecha, ya se ha confirmado la participaci\u00f3n en los tres eventos de profesionales, acad\u00e9micos, educadores y expertos relatores provenientes de Argentina, Brasil, Bolivia, Chile, Costa Rica, Cuba, Ecuador, Espa\u00f1a, Nicaragua, Panam\u00e1, Paraguay, Per\u00fa, Uruguay, Rep\u00fablica Dominicana y del OIEA-Austria.<\/p>\n<p>Para Claudio P\u00e9rez, acad\u00e9mico del <strong>Departamento de F\u00edsica de la UMCE y Presidente del Comit\u00e9 Organizador<\/strong>, la relevancia de estos eventos radica \u201cen las oportunidades que brindan para productivos encuentros presenciales y online entre profesionales de las aplicaciones nucleares de Am\u00e9rica Latina, el Caribe y Espa\u00f1a, enriquecidos con la participaci\u00f3n de representantes del OIEA y de la comunidad nuclear europea. Los dos Cursos Regionales aportan conocimientos y experiencias de gran relevancia y utilidad para la gesti\u00f3n del conocimiento nuclear entre profesionales en ejercicio, y para la difusi\u00f3n de los usos pac\u00edficos de la tecnolog\u00eda nuclear entre el profesorado participante, que podr\u00e1 profundizar en sus conocimientos te\u00f3ricos y pr\u00e1cticos adquiridos en una versi\u00f3n inicial previa de <strong>\u201cNucleando\u201d<\/strong>. El III Simposio, por su parte, retoma la senda de las dos versiones que lo precedieron, en 2015 en el Cusco y en 2017 en Buenos Aires, como un logro importante de LANENT que se espera mantener en el tiempo para aportar al intercambio de experiencias, al trabajo colaborativo y a la conformaci\u00f3n de una activa y comprometida comunidad de pr\u00e1ctica sobre los temas de inter\u00e9s de la red en la regi\u00f3n\u201d.<\/p>\n<p>Revisa el sitio del <a href=\"https:\/\/sites.google.com\/umce.cl\/iii-simposio-lanent\/inicio?pli=1\"><strong>III Simposio Internacional sobre Educaci\u00f3n, Capacitaci\u00f3n, Difusi\u00f3n y Gesti\u00f3n del Conocimiento Nuclear de la red LANENT<\/strong><\/a>.<\/p>\n<p>&nbsp;<\/p>\n","protected":false},"excerpt":{"rendered":"<p>Contin\u00faan los avances de las coordinaciones y preparativos del III Simposio Internacional sobre Educaci\u00f3n, Capacitaci\u00f3n, Difusi\u00f3n y Gesti\u00f3n del Conocimiento Nuclear de la red LANENT, as\u00ed como de los Cursos Regionales \u201cNucleando\u201d y Gesti\u00f3n del Conocimiento en el \u00c1rea Nuclear, tres eventos que se desarrollar\u00e1n en forma simult\u00e1nea en Santiago entre el 20 y el&#8230; <a class=\"read-more\" href=\"https:\/\/www.cchen.cl\/?p=6775\">Leer m\u00e1s >><\/a><\/p>\n","protected":false},"author":3,"featured_media":0,"comment_status":"closed","ping_status":"closed","sticky":false,"template":"","format":"standard","meta":{"footnotes":"","_links_to":"","_links_to_target":""},"categories":[17],"tags":[],"class_list":["post-6775","post","type-post","status-publish","format-standard","hentry","category-noticias"],"_links":{"self":[{"href":"https:\/\/www.cchen.cl\/index.php?rest_route=\/wp\/v2\/posts\/6775","targetHints":{"allow":["GET"]}}],"collection":[{"href":"https:\/\/www.cchen.cl\/index.php?rest_route=\/wp\/v2\/posts"}],"about":[{"href":"https:\/\/www.cchen.cl\/index.php?rest_route=\/wp\/v2\/types\/post"}],"author":[{"embeddable":true,"href":"https:\/\/www.cchen.cl\/index.php?rest_route=\/wp\/v2\/users\/3"}],"replies":[{"embeddable":true,"href":"https:\/\/www.cchen.cl\/index.php?rest_route=%2Fwp%2Fv2%2Fcomments&post=6775"}],"version-history":[{"count":11,"href":"https:\/\/www.cchen.cl\/index.php?rest_route=\/wp\/v2\/posts\/6775\/revisions"}],"predecessor-version":[{"id":6791,"href":"https:\/\/www.cchen.cl\/index.php?rest_route=\/wp\/v2\/posts\/6775\/revisions\/6791"}],"wp:attachment":[{"href":"https:\/\/www.cchen.cl\/index.php?rest_route=%2Fwp%2Fv2%2Fmedia&parent=6775"}],"wp:term":[{"taxonomy":"category","embeddable":true,"href":"https:\/\/www.cchen.cl\/index.php?rest_route=%2Fwp%2Fv2%2Fcategories&post=6775"},{"taxonomy":"post_tag","embeddable":true,"href":"https:\/\/www.cchen.cl\/index.php?rest_route=%2Fwp%2Fv2%2Ftags&post=6775"}],"curies":[{"name":"wp","href":"https:\/\/api.w.org\/{rel}","templated":true}]}}