{"id":6813,"date":"2022-07-28T10:03:57","date_gmt":"2022-07-28T14:03:57","guid":{"rendered":"https:\/\/www.cchen.cl\/?p=6813"},"modified":"2022-07-28T10:03:57","modified_gmt":"2022-07-28T14:03:57","slug":"cchen-se-suma-a-las-actividades-conmemorativas-del-25-aniversario-del-foro","status":"publish","type":"post","link":"https:\/\/www.cchen.cl\/?p=6813","title":{"rendered":"CCHEN se suma a las actividades conmemorativas del 25\u00b0 Aniversario del FORO"},"content":{"rendered":"<p><img loading=\"lazy\" decoding=\"async\" class=\"aligncenter size-full wp-image-6811\" src=\"http:\/\/www.cchen.cl\/wp-content\/uploads\/2022\/07\/FORO_spain_1110x357.png\" alt=\"\" width=\"1110\" height=\"357\" srcset=\"https:\/\/www.cchen.cl\/wp-content\/uploads\/2022\/07\/FORO_spain_1110x357.png 1110w, https:\/\/www.cchen.cl\/wp-content\/uploads\/2022\/07\/FORO_spain_1110x357-300x96.png 300w, https:\/\/www.cchen.cl\/wp-content\/uploads\/2022\/07\/FORO_spain_1110x357-1024x329.png 1024w, https:\/\/www.cchen.cl\/wp-content\/uploads\/2022\/07\/FORO_spain_1110x357-768x247.png 768w\" sizes=\"auto, (max-width: 1110px) 100vw, 1110px\" \/><\/p>\n<p><span style=\"font-weight: 400;\">La Comisi\u00f3n Chilena de Energ\u00eda Nuclear (<abbr class='c2c-text-hover' title='Comisi\u00f3n Chilena de Energ\u00eda Nuclear.'>CCHEN<\/abbr>) fue parte de la conmemoraci\u00f3n del<\/span><b> 25\u00b0 Aniversario del Foro Iberoamericano de Organismos Reguladores Radiol\u00f3gicos y Nucleares (FORO)<\/b><span style=\"font-weight: 400;\">, celebrado en Madrid, Espa\u00f1a, el 22 de julio de 2022. La delegaci\u00f3n estuvo integrada por <\/span><b>Luis Huerta Torchio<\/b><span style=\"font-weight: 400;\">, Director Ejecutivo de la <abbr class='c2c-text-hover' title='Comisi\u00f3n Chilena de Energ\u00eda Nuclear.'>CCHEN<\/abbr>; <\/span><b>Lorena Mari\u00e1ngel Quiroz<\/b><span style=\"font-weight: 400;\">, Jefa de la Secci\u00f3n Fiscalizaci\u00f3n y Evaluaci\u00f3n de Instalaciones M\u00e9dicas y miembro del Comit\u00e9 T\u00e9cnico Ejecutivo del FORO; y <\/span><b>Ciro C\u00e1rdenas Eyzaguirre<\/b><span style=\"font-weight: 400;\">, Jefe de la Divisi\u00f3n de Seguridad Nuclear y Radiol\u00f3gica.<\/span><\/p>\n<p><span style=\"font-weight: 400;\">La ceremonia, efectuada en la sede en Madrid de la Secretar\u00eda General Iberoamericana y presidida por <\/span><b>Juan Carlos Lentijo<\/b><span style=\"font-weight: 400;\">, Presidente del Consejo de Seguridad Nuclear de Espa\u00f1a, cont\u00f3 con la destacada participaci\u00f3n de <\/span><b>Rafael Mariano Grossi<\/b><span style=\"font-weight: 400;\">, Director General del Organismo Internacional de Energ\u00eda At\u00f3mica (OIEA), quien destac\u00f3 que \u201clos reguladores son clave para asegurar los beneficios de los usos pac\u00edficos de la tecnolog\u00eda nuclear\u201d. <\/span><a href=\"https:\/\/www.youtube.com\/watch?v=JMxKHyCvbOo\" target=\"_blank\" rel=\"noopener\"><span style=\"font-weight: 400;\">Ver video.<\/span><\/a><\/p>\n<p><span style=\"font-weight: 400;\">A la celebraci\u00f3n asistieron autoridades de los organismos reguladores iberoamericanos y miembros del Comit\u00e9 T\u00e9cnico Ejecutivo del FORO, adem\u00e1s de embajadores de los pa\u00edses, e incluy\u00f3 la presentaci\u00f3n de la publicaci\u00f3n Programa T\u00e9cnico 1997-2022, 25 A\u00f1os del FORO, que compila los principales proyectos y actividades desarrolladas en el per\u00edodo, y la publicaci\u00f3n \u201cNuestros Nobel\u201d, con una rese\u00f1a de las personalidades iberoamericanas que han recibido el Premio Nobel.<\/span><\/p>\n<p><span style=\"font-weight: 400;\">\u201cEl FORO demostr\u00f3 ampliamente su relevancia en la regi\u00f3n. Los proyectos desarrollados apuntan a proveer a los organismos reguladores, entre otros, de gu\u00edas t\u00e9cnicas que se construyen con base en la experticia y experiencia compartida de los distintos pa\u00edses. Al mismo tiempo, nos enteramos de las iniciativas que se desarrollan en cada pa\u00eds. Algunas resultan muy pertinentes para las demandas que enfrentamos como reguladores en el \u00e1mbito local; o, para vislumbrar cu\u00e1les ser\u00edan los desaf\u00edos en futuros desarrollos de las tecnolog\u00edas nucleares\u201d, se\u00f1al\u00f3 Luis Huerta.<\/span><\/p>\n<p><span style=\"font-weight: 400;\">Durante el evento se realiz\u00f3 el traspaso de la presidencia del FORO, que pas\u00f3 del Consejo de Seguridad Nuclear de Espa\u00f1a a la Comisi\u00f3n Nacional de Seguridad Nuclear y Salvaguardias de M\u00e9xico. Revisa la ceremonia en <\/span><a href=\"https:\/\/www.youtube.com\/watch?v=4xvo3bEJ2eY\" target=\"_blank\" rel=\"noopener\"><span style=\"font-weight: 400;\">este enlace<\/span><\/a><span style=\"font-weight: 400;\">.<\/span><\/p>\n<h3><span style=\"font-weight: 400;\">25 a\u00f1os de trayectoria<\/span><\/h3>\n<p><span style=\"font-weight: 400;\">A lo largo de su trayectoria, el FORO ha impulsado y materializado una serie de iniciativas que han contribuido a fortalecer la seguridad radiol\u00f3gica, nuclear y f\u00edsica en la regi\u00f3n de Iberoam\u00e9rica.<\/span><\/p>\n<p><span style=\"font-weight: 400;\">Destacan 15 proyectos que han dado lugar a la publicaci\u00f3n de gu\u00edas t\u00e9cnicas en \u00e1reas de inter\u00e9s regulatorio, seis publicaciones conjuntas FORO-OIEA, adem\u00e1s de la participaci\u00f3n de m\u00e1s de 300 expertos en diversos proyectos, logrando consolidar redes internacionales de trabajo colaborativo y especializado en el \u00e1mbito nuclear y radiol\u00f3gico.\u00a0<\/span><\/p>\n<h3><span style=\"font-weight: 400;\">Agenda t\u00e9cnica<\/span><\/h3>\n<p><span style=\"font-weight: 400;\">Previo a los actos de celebraci\u00f3n del aniversario del FORO, se realiz\u00f3 la reuni\u00f3n del Comit\u00e9 T\u00e9cnico Ejecutivo (17-20 de julio) y la XXVIII reuni\u00f3n del Plenario (21-22 de julio), ambas en forma presencial, y con foco en la revisi\u00f3n de los avances de los proyectos y actividades del Programa T\u00e9cnico, en compartir los desaf\u00edos y las experiencias de los reguladores, y en la definici\u00f3n de actividades para el plan de acci\u00f3n del FORO 2021-2023. Ciro C\u00e1rdenas present\u00f3, por parte de Chile, el modelo de inspecci\u00f3n activa que se practica en el \u00e1mbito regulatorio de la <abbr class='c2c-text-hover' title='Comisi\u00f3n Chilena de Energ\u00eda Nuclear.'>CCHEN<\/abbr>. Un hito relevante en el Plenario fue la incorporaci\u00f3n al FORO de la Agencia Portuguesa del Ambiente (APA).<\/span><\/p>\n<p><span style=\"font-weight: 400;\">Las actividades incluyeron la visita a una instalaci\u00f3n de protonterapia ubicada en Madrid, una avanzada tecnolog\u00eda de tratamiento del c\u00e1ncer.<\/span><\/p>\n","protected":false},"excerpt":{"rendered":"<p>La Comisi\u00f3n Chilena de Energ\u00eda Nuclear (<abbr class='c2c-text-hover' title='Comisi\u00f3n Chilena de Energ\u00eda Nuclear.'>CCHEN<\/abbr>) fue parte de la conmemoraci\u00f3n del 25\u00b0 Aniversario del Foro Iberoamericano de Organismos Reguladores Radiol\u00f3gicos y Nucleares (FORO), celebrado en Madrid, Espa\u00f1a, el 22 de julio de 2022. La delegaci\u00f3n estuvo integrada por Luis Huerta Torchio, Director Ejecutivo de la <abbr class='c2c-text-hover' title='Comisi\u00f3n Chilena de Energ\u00eda Nuclear.'>CCHEN<\/abbr>; Lorena Mari\u00e1ngel Quiroz, Jefa de la Secci\u00f3n&#8230; <a class=\"read-more\" href=\"https:\/\/www.cchen.cl\/?p=6813\">Leer m\u00e1s >><\/a><\/p>\n","protected":false},"author":3,"featured_media":0,"comment_status":"closed","ping_status":"closed","sticky":false,"template":"","format":"standard","meta":{"footnotes":"","_links_to":"","_links_to_target":""},"categories":[17],"tags":[],"class_list":["post-6813","post","type-post","status-publish","format-standard","hentry","category-noticias"],"_links":{"self":[{"href":"https:\/\/www.cchen.cl\/index.php?rest_route=\/wp\/v2\/posts\/6813","targetHints":{"allow":["GET"]}}],"collection":[{"href":"https:\/\/www.cchen.cl\/index.php?rest_route=\/wp\/v2\/posts"}],"about":[{"href":"https:\/\/www.cchen.cl\/index.php?rest_route=\/wp\/v2\/types\/post"}],"author":[{"embeddable":true,"href":"https:\/\/www.cchen.cl\/index.php?rest_route=\/wp\/v2\/users\/3"}],"replies":[{"embeddable":true,"href":"https:\/\/www.cchen.cl\/index.php?rest_route=%2Fwp%2Fv2%2Fcomments&post=6813"}],"version-history":[{"count":1,"href":"https:\/\/www.cchen.cl\/index.php?rest_route=\/wp\/v2\/posts\/6813\/revisions"}],"predecessor-version":[{"id":6814,"href":"https:\/\/www.cchen.cl\/index.php?rest_route=\/wp\/v2\/posts\/6813\/revisions\/6814"}],"wp:attachment":[{"href":"https:\/\/www.cchen.cl\/index.php?rest_route=%2Fwp%2Fv2%2Fmedia&parent=6813"}],"wp:term":[{"taxonomy":"category","embeddable":true,"href":"https:\/\/www.cchen.cl\/index.php?rest_route=%2Fwp%2Fv2%2Fcategories&post=6813"},{"taxonomy":"post_tag","embeddable":true,"href":"https:\/\/www.cchen.cl\/index.php?rest_route=%2Fwp%2Fv2%2Ftags&post=6813"}],"curies":[{"name":"wp","href":"https:\/\/api.w.org\/{rel}","templated":true}]}}