{"id":8684,"date":"2025-12-11T09:20:30","date_gmt":"2025-12-11T13:20:30","guid":{"rendered":"https:\/\/www.cchen.cl\/?p=8684"},"modified":"2026-02-12T08:43:13","modified_gmt":"2026-02-12T12:43:13","slug":"cchen-360-chile-abre-una-nueva-etapa-para-las-aplicaciones-nucleares-con-mirada-de-estado","status":"publish","type":"post","link":"https:\/\/www.cchen.cl\/?p=8684","title":{"rendered":"CCHEN 360\u00b0: Chile abre una nueva etapa para las aplicaciones nucleares con mirada de Estado"},"content":{"rendered":"<p><img loading=\"lazy\" decoding=\"async\" class=\"aligncenter size-full wp-image-8683\" src=\"http:\/\/www.cchen.cl\/wp-content\/uploads\/2025\/12\/lanzamiento_CCHEN_360.png\" alt=\"\" width=\"1110\" height=\"357\" srcset=\"https:\/\/www.cchen.cl\/wp-content\/uploads\/2025\/12\/lanzamiento_CCHEN_360.png 1110w, https:\/\/www.cchen.cl\/wp-content\/uploads\/2025\/12\/lanzamiento_CCHEN_360-300x96.png 300w, https:\/\/www.cchen.cl\/wp-content\/uploads\/2025\/12\/lanzamiento_CCHEN_360-1024x329.png 1024w, https:\/\/www.cchen.cl\/wp-content\/uploads\/2025\/12\/lanzamiento_CCHEN_360-768x247.png 768w\" sizes=\"auto, (max-width: 1110px) 100vw, 1110px\" \/><\/p>\n<p><span style=\"font-weight: 400;\">Con una amplia convocatoria de representantes del ecosistema de ciencia y tecnolog\u00eda, industria y organismos estrat\u00e9gicos del pa\u00eds, la Comisi\u00f3n Chilena de Energ\u00eda Nuclear (<abbr class='c2c-text-hover' title='Comisi\u00f3n Chilena de Energ\u00eda Nuclear.'>CCHEN<\/abbr>) present\u00f3 el proyecto <\/span><b><abbr class='c2c-text-hover' title='Comisi\u00f3n Chilena de Energ\u00eda Nuclear.'>CCHEN<\/abbr> 360\u00b0: Plan de Fortalecimiento de Aplicaciones Nucleares para un Desarrollo Sostenible<\/b><span style=\"font-weight: 400;\">, una iniciativa que marca un punto de inflexi\u00f3n en la proyecci\u00f3n del conocimiento nuclear en Chile, transformando una promesa en una hoja de ruta.<\/span><\/p>\n<p><span style=\"font-weight: 400;\">La jornada inici\u00f3 con las palabras del director ejecutivo (S) de la <abbr class='c2c-text-hover' title='Comisi\u00f3n Chilena de Energ\u00eda Nuclear.'>CCHEN<\/abbr>,<\/span><b> Richard Gonz\u00e1lez<\/b><span style=\"font-weight: 400;\">: \u201cLa energ\u00eda nuclear cumple un rol estrat\u00e9gico para el desarrollo sostenible del pa\u00eds. Si queremos enfrentar con seriedad los desaf\u00edos que vienen, debemos fortalecer nuestras capacidades nacionales y tomar decisiones basadas en evidencia e innovaci\u00f3n\u201d, se\u00f1al\u00f3 al abrir la jornada.<\/span><\/p>\n<p><span style=\"font-weight: 400;\">Luego, <\/span><b>Julio Maturana<\/b><span style=\"font-weight: 400;\">, presidente de la <abbr class='c2c-text-hover' title='Comisi\u00f3n Chilena de Energ\u00eda Nuclear.'>CCHEN<\/abbr>, destac\u00f3 que \u201cChile necesita un ecosistema cient\u00edfico-tecnol\u00f3gico capaz de anticipar, crear y responder con soluciones que transformen la vida de las personas. Para eso, la articulaci\u00f3n entre instituciones es clave, y <abbr class='c2c-text-hover' title='Comisi\u00f3n Chilena de Energ\u00eda Nuclear.'>CCHEN<\/abbr> 360\u00b0 avanza justamente en esa direcci\u00f3n\u201d. Sus palabras marcaron el eje pol\u00edtico-estrat\u00e9gico de la jornada: ciencia con prop\u00f3sito y con horizonte de Estado.<\/span><\/p>\n<p><span style=\"font-weight: 400;\">Por su parte, <\/span><b>Fernando Hentzschel<\/b><span style=\"font-weight: 400;\">, gerente de Capacidades Tecnol\u00f3gicas de Corfo, subray\u00f3 que \u201cel pa\u00eds requiere conectar investigaci\u00f3n con desarrollo productivo, y fortalecer capacidades que permitan innovar con mayor profundidad y velocidad\u201d. Con este \u00e9nfasis, reafirm\u00f3 el rol de la colaboraci\u00f3n p\u00fablico-privada en la construcci\u00f3n de un ecosistema robusto, donde el conocimiento se traduzca en valor para Chile.<\/span><\/p>\n<p><span style=\"font-weight: 400;\">El jefe de la Divisi\u00f3n de Investigaci\u00f3n y Aplicaciones Nucleares, <\/span><b>Felipe Guevara<\/b><span style=\"font-weight: 400;\">, present\u00f3 la arquitectura conceptual del proyecto <abbr class='c2c-text-hover' title='Comisi\u00f3n Chilena de Energ\u00eda Nuclear.'>CCHEN<\/abbr> 360\u00b0, destacando su prop\u00f3sito: potenciar capacidades, habilitar innovaci\u00f3n y consolidar bienes p\u00fablicos que fortalezcan la soberan\u00eda tecnol\u00f3gica del pa\u00eds.<\/span><\/p>\n<p><b>Bienes p\u00fablicos para Chile<\/b><\/p>\n<p><span style=\"font-weight: 400;\">Uno de los momentos centrales del evento fue la presentaci\u00f3n de los tres bienes p\u00fablicos que sostienen esta iniciativa, piezas clave para que el pa\u00eds anticipe, investigue y act\u00fae con decisi\u00f3n en materia cient\u00edfico-tecnol\u00f3gica.<\/span><\/p>\n<p><span style=\"font-weight: 400;\">El <\/span><b>Observatorio Tecnol\u00f3gico de Innovaci\u00f3n<\/b><span style=\"font-weight: 400;\">, presentado por Rodrigo N\u00fa\u00f1ez, nace como una plataforma dise\u00f1ada para anticipar tendencias, generar inteligencia tecnol\u00f3gica y orientar decisiones estrat\u00e9gicas en sectores clave para el desarrollo sostenible. Su prop\u00f3sito es mirar m\u00e1s lejos, antes y mejor, habilitando informaci\u00f3n cr\u00edtica para la toma de decisiones en un pa\u00eds que necesita planificar con visi\u00f3n de futuro.<\/span><\/p>\n<p><span style=\"font-weight: 400;\">El <\/span><b>Programa Integral de I+D<\/b><span style=\"font-weight: 400;\">, expuesto por el Dr. Leopoldo Soto y Daniel Zanelli, impulsar\u00e1 proyectos colaborativos de alto impacto, fortaleciendo la investigaci\u00f3n aplicada en tecnolog\u00edas nucleares y habilitando nuevas capacidades cient\u00edficas y tecnol\u00f3gicas para Chile.\u00a0<\/span><\/p>\n<p>Por su parte, el Dr. Julio Urz\u00faa present\u00f3 el trabajo que desarrolla en conjunto con la ingeniera Claudia Garc\u00e9s, enfocado en un innovador y sostenible proceso de reciclaje de paneles solares. Este proyecto, que busca transferir a la industria como un bien de inter\u00e9s p\u00fablico, representa una contribuci\u00f3n esencial para la transici\u00f3n energ\u00e9tica, al ofrecer una soluci\u00f3n concreta al desaf\u00edo de los residuos fotovoltaicos y garantizar as\u00ed el cierre del ciclo de vida de una de las m\u00e1s importantes tecnolog\u00edas de energ\u00eda limpia.<\/p>\n<p><span style=\"font-weight: 400;\">Finalmente, el <\/span><b>Laboratorio de Referencia del Litio<\/b><span style=\"font-weight: 400;\">, presentado por Manuel Escudero, se consolida como infraestructura estrat\u00e9gica para la cadena de valor del litio. Permitir\u00e1 realizar caracterizaci\u00f3n avanzada, estandarizar metodolog\u00edas y fortalecer el desarrollo tecnol\u00f3gico asociado a uno de los minerales m\u00e1s relevantes de la transici\u00f3n energ\u00e9tica.<\/span><\/p>\n<p><span style=\"font-weight: 400;\">La jornada concluy\u00f3 con un mensaje claro: <abbr class='c2c-text-hover' title='Comisi\u00f3n Chilena de Energ\u00eda Nuclear.'>CCHEN<\/abbr> 360\u00b0 es m\u00e1s que un proyecto; es un movimiento institucional para que el conocimiento nuclear siga aportando valor p\u00fablico a Chile durante las pr\u00f3ximas d\u00e9cadas.<\/span><\/p>\n<p style=\"text-align: center;\"><a href=\"https:\/\/www.youtube.com\/watch?v=hLezpJE9DvQ\" target=\"_blank\" rel=\"noopener\">Ver evento aqu\u00ed<\/a><\/p>\n<table width=\"560\" align=\"center\">\n<tr align=\"center\">\n<td>\n<iframe loading=\"lazy\" align=\"center\" width=\"560\" height=\"315\" src=\"https:\/\/www.youtube.com\/embed\/hLezpJE9DvQ?si=N49v9NSM7r_Mbkmh\" title=\"YouTube video player\" frameborder=\"0\" allow=\"accelerometer; autoplay; clipboard-write; encrypted-media; gyroscope; picture-in-picture; web-share\" referrerpolicy=\"strict-origin-when-cross-origin\" allowfullscreen><\/iframe>\n<\/td>\n<\/tr>\n<\/table>\n<p><b>Documento de inter\u00e9s:<\/b><\/p>\n<p><a href=\"http:\/\/www.cchen.cl\/wp-content\/uploads\/2026\/02\/REX_AJ_136-2024_CONVENIO_CORFO.pdf\" target=\"_blank\" rel=\"noopener\">RES 136\/2024 | Convenio Subsidio CORFO &#8211; <abbr class='c2c-text-hover' title='Comisi\u00f3n Chilena de Energ\u00eda Nuclear.'>CCHEN<\/abbr><\/a><\/p>\n","protected":false},"excerpt":{"rendered":"<p>Con una amplia convocatoria de representantes del ecosistema de ciencia y tecnolog\u00eda, industria y organismos estrat\u00e9gicos del pa\u00eds, la Comisi\u00f3n Chilena de Energ\u00eda Nuclear (<abbr class='c2c-text-hover' title='Comisi\u00f3n Chilena de Energ\u00eda Nuclear.'>CCHEN<\/abbr>) present\u00f3 el proyecto <abbr class='c2c-text-hover' title='Comisi\u00f3n Chilena de Energ\u00eda Nuclear.'>CCHEN<\/abbr> 360\u00b0: Plan de Fortalecimiento de Aplicaciones Nucleares para un Desarrollo Sostenible, una iniciativa que marca un punto de inflexi\u00f3n en la proyecci\u00f3n del conocimiento nuclear en&#8230; <a class=\"read-more\" href=\"https:\/\/www.cchen.cl\/?p=8684\">Leer m\u00e1s >><\/a><\/p>\n","protected":false},"author":3,"featured_media":0,"comment_status":"closed","ping_status":"closed","sticky":false,"template":"","format":"standard","meta":{"footnotes":"","_links_to":"","_links_to_target":""},"categories":[17],"tags":[],"class_list":["post-8684","post","type-post","status-publish","format-standard","hentry","category-noticias"],"_links":{"self":[{"href":"https:\/\/www.cchen.cl\/index.php?rest_route=\/wp\/v2\/posts\/8684","targetHints":{"allow":["GET"]}}],"collection":[{"href":"https:\/\/www.cchen.cl\/index.php?rest_route=\/wp\/v2\/posts"}],"about":[{"href":"https:\/\/www.cchen.cl\/index.php?rest_route=\/wp\/v2\/types\/post"}],"author":[{"embeddable":true,"href":"https:\/\/www.cchen.cl\/index.php?rest_route=\/wp\/v2\/users\/3"}],"replies":[{"embeddable":true,"href":"https:\/\/www.cchen.cl\/index.php?rest_route=%2Fwp%2Fv2%2Fcomments&post=8684"}],"version-history":[{"count":9,"href":"https:\/\/www.cchen.cl\/index.php?rest_route=\/wp\/v2\/posts\/8684\/revisions"}],"predecessor-version":[{"id":8803,"href":"https:\/\/www.cchen.cl\/index.php?rest_route=\/wp\/v2\/posts\/8684\/revisions\/8803"}],"wp:attachment":[{"href":"https:\/\/www.cchen.cl\/index.php?rest_route=%2Fwp%2Fv2%2Fmedia&parent=8684"}],"wp:term":[{"taxonomy":"category","embeddable":true,"href":"https:\/\/www.cchen.cl\/index.php?rest_route=%2Fwp%2Fv2%2Fcategories&post=8684"},{"taxonomy":"post_tag","embeddable":true,"href":"https:\/\/www.cchen.cl\/index.php?rest_route=%2Fwp%2Fv2%2Ftags&post=8684"}],"curies":[{"name":"wp","href":"https:\/\/api.w.org\/{rel}","templated":true}]}}