{"id":8732,"date":"2026-01-16T14:50:17","date_gmt":"2026-01-16T18:50:17","guid":{"rendered":"https:\/\/www.cchen.cl\/?p=8732"},"modified":"2026-01-16T14:50:17","modified_gmt":"2026-01-16T18:50:17","slug":"la-energia-nuclear-entra-en-la-conversacion-de-congreso-futuro-2026","status":"publish","type":"post","link":"https:\/\/www.cchen.cl\/?p=8732","title":{"rendered":"La energ\u00eda nuclear entra en la conversaci\u00f3n de Congreso Futuro 2026"},"content":{"rendered":"<p><img loading=\"lazy\" decoding=\"async\" class=\"aligncenter size-full wp-image-8731\" src=\"http:\/\/www.cchen.cl\/wp-content\/uploads\/2026\/01\/congreso_futuro_web.png\" alt=\"\" width=\"2220\" height=\"714\" srcset=\"https:\/\/www.cchen.cl\/wp-content\/uploads\/2026\/01\/congreso_futuro_web.png 2220w, https:\/\/www.cchen.cl\/wp-content\/uploads\/2026\/01\/congreso_futuro_web-300x96.png 300w, https:\/\/www.cchen.cl\/wp-content\/uploads\/2026\/01\/congreso_futuro_web-1024x329.png 1024w, https:\/\/www.cchen.cl\/wp-content\/uploads\/2026\/01\/congreso_futuro_web-768x247.png 768w, https:\/\/www.cchen.cl\/wp-content\/uploads\/2026\/01\/congreso_futuro_web-1536x494.png 1536w, https:\/\/www.cchen.cl\/wp-content\/uploads\/2026\/01\/congreso_futuro_web-2048x659.png 2048w\" sizes=\"auto, (max-width: 2220px) 100vw, 2220px\" \/><\/p>\n<p><span style=\"font-weight: 400;\">\u00bfPuede la energ\u00eda nuclear mejorar nuestra forma de vivir? Esa fue la pregunta que articul\u00f3 el bloque dedicado a energ\u00eda nuclear en Congreso Futuro 2026, la principal plataforma de divulgaci\u00f3n cient\u00edfica y pensamiento estrat\u00e9gico de Latinoam\u00e9rica, que, en esta oportunidad, celebr\u00f3 15 a\u00f1os con una edici\u00f3n marcada por la descentralizaci\u00f3n y el acceso abierto al conocimiento.<\/span><\/p>\n<p><span style=\"font-weight: 400;\">En este contexto, representantes de la Comisi\u00f3n Chilena de Energ\u00eda Nuclear (<abbr class='c2c-text-hover' title='Comisi\u00f3n Chilena de Energ\u00eda Nuclear.'>CCHEN<\/abbr>) participaron activamente en un conversatorio que tuvo como escenario el Centro Cultural CEINA, en pleno centro de Santiago, como parte del programa oficial del evento.<\/span><\/p>\n<p><span style=\"font-weight: 400;\">El objetivo del encuentro fue abordar inquietudes del p\u00fablico en torno al quehacer nuclear y aportar informaci\u00f3n clara y fundada frente a la pregunta que dio nombre al bloque. La actividad combin\u00f3 exposiciones breves con un panel de especialistas.<\/span><\/p>\n<p><span style=\"font-weight: 400;\">La jornada se inici\u00f3 con la presentaci\u00f3n de Felipe Guevara, jefe de la Divisi\u00f3n de Investigaci\u00f3n y Aplicaciones Nucleares de la <abbr class='c2c-text-hover' title='Comisi\u00f3n Chilena de Energ\u00eda Nuclear.'>CCHEN<\/abbr>, quien expuso sobre los usos y aplicaciones de la energ\u00eda nuclear en Chile. En su intervenci\u00f3n, repas\u00f3 los principales hitos del desarrollo nuclear del pa\u00eds y las decisiones de Estado que han buscado fortalecer la soberan\u00eda tecnol\u00f3gica en este \u00e1mbito. Tambi\u00e9n destac\u00f3 las capacidades estrat\u00e9gicas de la <abbr class='c2c-text-hover' title='Comisi\u00f3n Chilena de Energ\u00eda Nuclear.'>CCHEN<\/abbr> en \u00e1reas de inter\u00e9s nacional y la relaci\u00f3n del litio con la fusi\u00f3n nuclear, subrayando c\u00f3mo la investigaci\u00f3n en plasmas y potencia pulsada ha permitido una presencia activa de Chile en el escenario internacional de la fusi\u00f3n.<\/span><\/p>\n<p><img loading=\"lazy\" decoding=\"async\" class=\"aligncenter size-full wp-image-8730\" src=\"http:\/\/www.cchen.cl\/wp-content\/uploads\/2026\/01\/congreso_2.png\" alt=\"\" width=\"2220\" height=\"714\" srcset=\"https:\/\/www.cchen.cl\/wp-content\/uploads\/2026\/01\/congreso_2.png 2220w, https:\/\/www.cchen.cl\/wp-content\/uploads\/2026\/01\/congreso_2-300x96.png 300w, https:\/\/www.cchen.cl\/wp-content\/uploads\/2026\/01\/congreso_2-1024x329.png 1024w, https:\/\/www.cchen.cl\/wp-content\/uploads\/2026\/01\/congreso_2-768x247.png 768w, https:\/\/www.cchen.cl\/wp-content\/uploads\/2026\/01\/congreso_2-1536x494.png 1536w, https:\/\/www.cchen.cl\/wp-content\/uploads\/2026\/01\/congreso_2-2048x659.png 2048w\" sizes=\"auto, (max-width: 2220px) 100vw, 2220px\" \/><\/p>\n<p><span style=\"font-weight: 400;\">Posteriormente se desarroll\u00f3 un panel de expertos, donde particip\u00f3 B\u00e1rbara Nagel, jefa de la Oficina Asesora de Alianzas Estrat\u00e9gicas y Relaciones Internacionales de la <abbr class='c2c-text-hover' title='Comisi\u00f3n Chilena de Energ\u00eda Nuclear.'>CCHEN<\/abbr>. El panel abord\u00f3 temas como el aporte de la energ\u00eda nuclear a la matriz energ\u00e9tica, los marcos regulatorios, la gesti\u00f3n de residuos, la seguridad de las instalaciones, el rol de la academia y la educaci\u00f3n formal, as\u00ed como los desaf\u00edos medioambientales asociados.<\/span><\/p>\n<p><span style=\"font-weight: 400;\">La conversaci\u00f3n cont\u00f3 adem\u00e1s con la participaci\u00f3n de destacados expositores(as) nacionales e internacionales, como el cient\u00edfico Guido N\u00fa\u00f1ez-Mujica, bi\u00f3logo computacional y activista enfocado en estrategias basadas en evidencia frente al cambio clim\u00e1tico; la ingeniera y doctora en ingenier\u00eda nuclear Dinara Ermakova, especialista en gesti\u00f3n de residuos, desmantelamiento y justicia ambiental; el Dr. Gonzalo Avaria, jefe de carrera de Ingenier\u00eda Civil F\u00edsica de la Universidad T\u00e9cnica Federico Santa Mar\u00eda y entusiasta comunicador de las ciencias; y la ingeniera Alejandra Alfaro, representante de AES Chile.<\/span><\/p>\n","protected":false},"excerpt":{"rendered":"<p>\u00bfPuede la energ\u00eda nuclear mejorar nuestra forma de vivir? Esa fue la pregunta que articul\u00f3 el bloque dedicado a energ\u00eda nuclear en Congreso Futuro 2026, la principal plataforma de divulgaci\u00f3n cient\u00edfica y pensamiento estrat\u00e9gico de Latinoam\u00e9rica, que, en esta oportunidad, celebr\u00f3 15 a\u00f1os con una edici\u00f3n marcada por la descentralizaci\u00f3n y el acceso abierto al&#8230; <a class=\"read-more\" href=\"https:\/\/www.cchen.cl\/?p=8732\">Leer m\u00e1s >><\/a><\/p>\n","protected":false},"author":3,"featured_media":0,"comment_status":"closed","ping_status":"closed","sticky":false,"template":"","format":"standard","meta":{"footnotes":"","_links_to":"","_links_to_target":""},"categories":[17],"tags":[],"class_list":["post-8732","post","type-post","status-publish","format-standard","hentry","category-noticias"],"_links":{"self":[{"href":"https:\/\/www.cchen.cl\/index.php?rest_route=\/wp\/v2\/posts\/8732","targetHints":{"allow":["GET"]}}],"collection":[{"href":"https:\/\/www.cchen.cl\/index.php?rest_route=\/wp\/v2\/posts"}],"about":[{"href":"https:\/\/www.cchen.cl\/index.php?rest_route=\/wp\/v2\/types\/post"}],"author":[{"embeddable":true,"href":"https:\/\/www.cchen.cl\/index.php?rest_route=\/wp\/v2\/users\/3"}],"replies":[{"embeddable":true,"href":"https:\/\/www.cchen.cl\/index.php?rest_route=%2Fwp%2Fv2%2Fcomments&post=8732"}],"version-history":[{"count":1,"href":"https:\/\/www.cchen.cl\/index.php?rest_route=\/wp\/v2\/posts\/8732\/revisions"}],"predecessor-version":[{"id":8733,"href":"https:\/\/www.cchen.cl\/index.php?rest_route=\/wp\/v2\/posts\/8732\/revisions\/8733"}],"wp:attachment":[{"href":"https:\/\/www.cchen.cl\/index.php?rest_route=%2Fwp%2Fv2%2Fmedia&parent=8732"}],"wp:term":[{"taxonomy":"category","embeddable":true,"href":"https:\/\/www.cchen.cl\/index.php?rest_route=%2Fwp%2Fv2%2Fcategories&post=8732"},{"taxonomy":"post_tag","embeddable":true,"href":"https:\/\/www.cchen.cl\/index.php?rest_route=%2Fwp%2Fv2%2Ftags&post=8732"}],"curies":[{"name":"wp","href":"https:\/\/api.w.org\/{rel}","templated":true}]}}