{"id":8735,"date":"2026-01-19T13:46:15","date_gmt":"2026-01-19T17:46:15","guid":{"rendered":"https:\/\/www.cchen.cl\/?p=8735"},"modified":"2026-01-19T13:46:15","modified_gmt":"2026-01-19T17:46:15","slug":"incendios-forestales-cchen-dispone-sus-capacidades-tecnicas-para-apoyar-la-atencion-de-personas-con-quemaduras","status":"publish","type":"post","link":"https:\/\/www.cchen.cl\/?p=8735","title":{"rendered":"Incendios forestales: CCHEN dispone sus capacidades t\u00e9cnicas para apoyar la atenci\u00f3n de personas con quemaduras"},"content":{"rendered":"<p><img loading=\"lazy\" decoding=\"async\" class=\"aligncenter size-full wp-image-8734\" src=\"http:\/\/www.cchen.cl\/wp-content\/uploads\/2026\/01\/lab_tejidos.png\" alt=\"\" width=\"2220\" height=\"714\" srcset=\"https:\/\/www.cchen.cl\/wp-content\/uploads\/2026\/01\/lab_tejidos.png 2220w, https:\/\/www.cchen.cl\/wp-content\/uploads\/2026\/01\/lab_tejidos-300x96.png 300w, https:\/\/www.cchen.cl\/wp-content\/uploads\/2026\/01\/lab_tejidos-1024x329.png 1024w, https:\/\/www.cchen.cl\/wp-content\/uploads\/2026\/01\/lab_tejidos-768x247.png 768w, https:\/\/www.cchen.cl\/wp-content\/uploads\/2026\/01\/lab_tejidos-1536x494.png 1536w, https:\/\/www.cchen.cl\/wp-content\/uploads\/2026\/01\/lab_tejidos-2048x659.png 2048w\" sizes=\"auto, (max-width: 2220px) 100vw, 2220px\" \/><\/p>\n<p><span style=\"font-weight: 400;\">En el contexto de los graves incendios forestales que afectan a diversas zonas del pa\u00eds, particularmente a las regiones de \u00d1uble y Biob\u00edo -hoy bajo Estado de Cat\u00e1strofe- y considerando la contingencia sanitaria derivada del aumento de personas con quemaduras de diversa gravedad, la Comisi\u00f3n Chilena de Energ\u00eda Nuclear (<abbr class='c2c-text-hover' title='Comisi\u00f3n Chilena de Energ\u00eda Nuclear.'>CCHEN<\/abbr>) informa que ha puesto a disposici\u00f3n del sistema de salud sus capacidades t\u00e9cnicas para apoyar la atenci\u00f3n de pacientes afectados(as).<\/span><\/p>\n<p><span style=\"font-weight: 400;\">Seg\u00fan balances oficiales, hoy (19 de enero 2026), la emergencia deja 19 personas fallecidas, m\u00e1s de 1.500 damnificados(as), cientos de viviendas destruidas y m\u00e1s de 20 mil hect\u00e1reas consumidas por el fuego. A ello se suma una presi\u00f3n significativa sobre la red asistencial, lo que llev\u00f3 al Ministerio de Salud a decretar Alerta Sanitaria en las regiones de \u00d1uble y Biob\u00edo.<\/span><\/p>\n<p><span style=\"font-weight: 400;\">Frente a este escenario, la <abbr class='c2c-text-hover' title='Comisi\u00f3n Chilena de Energ\u00eda Nuclear.'>CCHEN<\/abbr> ha activado sus capacidades de irradiaci\u00f3n para la esterilizaci\u00f3n de piel y amnios, insumos esenciales para el tratamiento cl\u00ednico de personas con quemaduras. Estos procesos permiten asegurar tejidos seguros, oportunos y de alta calidad, fundamentales en la recuperaci\u00f3n de pacientes con lesiones complejas.<\/span><\/p>\n<p><span style=\"font-weight: 400;\">Como parte de esta iniciativa, y tras una coordinaci\u00f3n directa con el Banco Nacional de Tejidos (BNT), se ha programado un aumento de la capacidad de irradiaci\u00f3n, la que estar\u00e1 destinada de manera exclusiva al BNT mientras se mantenga la emergencia y la necesidad asociada a esta contingencia. La medida busca asegurar un stock adecuado de tejidos esterilizados, contribuyendo en forma concreta al fortalecimiento de la respuesta del sistema de salud.<\/span><\/p>\n<p><span style=\"font-weight: 400;\">Al respecto, el Director Ejecutivo (S) de la <abbr class='c2c-text-hover' title='Comisi\u00f3n Chilena de Energ\u00eda Nuclear.'>CCHEN<\/abbr> se\u00f1al\u00f3 que \u201ccuando el pa\u00eds enfrenta una emergencia de esta magnitud, las instituciones del Estado no pueden mirar desde la vereda. Nuestra responsabilidad es poner el conocimiento, la infraestructura y la experiencia t\u00e9cnica al servicio de las personas. La irradiaci\u00f3n de tejidos es una capacidad estrat\u00e9gica, y hoy la estamos orientando completamente a apoyar la atenci\u00f3n de quienes m\u00e1s lo necesitan\u201d.<\/span><\/p>\n<p><span style=\"font-weight: 400;\">\u201cDesde la <abbr class='c2c-text-hover' title='Comisi\u00f3n Chilena de Energ\u00eda Nuclear.'>CCHEN<\/abbr> reiteramos nuestro compromiso con el trabajo coordinado entre instituciones p\u00fablicas y con una respuesta basada en la ciencia, la colaboraci\u00f3n y el sentido de urgencia que esta emergencia exige. Los incendios nos recuerdan, con crudeza, que ninguna capacidad es peque\u00f1a cuando se pone al servicio del bien com\u00fan\u201d, concluy\u00f3 la autoridad institucional.<\/span><\/p>\n<p><span style=\"font-weight: 400;\">En las pr\u00f3ximas horas se entregar\u00e1 informaci\u00f3n adicional sobre los mecanismos de coordinaci\u00f3n y los canales habilitados para que funcionarias y funcionarios que deseen colaborar puedan hacerlo de manera ordenada y efectiva en apoyo a las personas damnificadas.<\/span><\/p>\n","protected":false},"excerpt":{"rendered":"<p>En el contexto de los graves incendios forestales que afectan a diversas zonas del pa\u00eds, particularmente a las regiones de \u00d1uble y Biob\u00edo -hoy bajo Estado de Cat\u00e1strofe- y considerando la contingencia sanitaria derivada del aumento de personas con quemaduras de diversa gravedad, la Comisi\u00f3n Chilena de Energ\u00eda Nuclear (<abbr class='c2c-text-hover' title='Comisi\u00f3n Chilena de Energ\u00eda Nuclear.'>CCHEN<\/abbr>) informa que ha puesto a&#8230; <a class=\"read-more\" href=\"https:\/\/www.cchen.cl\/?p=8735\">Leer m\u00e1s >><\/a><\/p>\n","protected":false},"author":3,"featured_media":0,"comment_status":"closed","ping_status":"closed","sticky":false,"template":"","format":"standard","meta":{"footnotes":"","_links_to":"","_links_to_target":""},"categories":[17],"tags":[],"class_list":["post-8735","post","type-post","status-publish","format-standard","hentry","category-noticias"],"_links":{"self":[{"href":"https:\/\/www.cchen.cl\/index.php?rest_route=\/wp\/v2\/posts\/8735","targetHints":{"allow":["GET"]}}],"collection":[{"href":"https:\/\/www.cchen.cl\/index.php?rest_route=\/wp\/v2\/posts"}],"about":[{"href":"https:\/\/www.cchen.cl\/index.php?rest_route=\/wp\/v2\/types\/post"}],"author":[{"embeddable":true,"href":"https:\/\/www.cchen.cl\/index.php?rest_route=\/wp\/v2\/users\/3"}],"replies":[{"embeddable":true,"href":"https:\/\/www.cchen.cl\/index.php?rest_route=%2Fwp%2Fv2%2Fcomments&post=8735"}],"version-history":[{"count":1,"href":"https:\/\/www.cchen.cl\/index.php?rest_route=\/wp\/v2\/posts\/8735\/revisions"}],"predecessor-version":[{"id":8736,"href":"https:\/\/www.cchen.cl\/index.php?rest_route=\/wp\/v2\/posts\/8735\/revisions\/8736"}],"wp:attachment":[{"href":"https:\/\/www.cchen.cl\/index.php?rest_route=%2Fwp%2Fv2%2Fmedia&parent=8735"}],"wp:term":[{"taxonomy":"category","embeddable":true,"href":"https:\/\/www.cchen.cl\/index.php?rest_route=%2Fwp%2Fv2%2Fcategories&post=8735"},{"taxonomy":"post_tag","embeddable":true,"href":"https:\/\/www.cchen.cl\/index.php?rest_route=%2Fwp%2Fv2%2Ftags&post=8735"}],"curies":[{"name":"wp","href":"https:\/\/api.w.org\/{rel}","templated":true}]}}