{"id":8744,"date":"2026-01-21T13:40:13","date_gmt":"2026-01-21T17:40:13","guid":{"rendered":"https:\/\/www.cchen.cl\/?p=8744"},"modified":"2026-01-21T13:40:13","modified_gmt":"2026-01-21T17:40:13","slug":"chile-da-inicio-oficial-al-ciclo-de-proyectos-regionales-arcal-2026-2027","status":"publish","type":"post","link":"https:\/\/www.cchen.cl\/?p=8744","title":{"rendered":"Chile da inicio oficial al ciclo de proyectos regionales ARCAL 2026-2027"},"content":{"rendered":"<p><img loading=\"lazy\" decoding=\"async\" class=\"aligncenter size-full wp-image-8743\" src=\"http:\/\/www.cchen.cl\/wp-content\/uploads\/2026\/01\/reunion_inicio_ARCAL-26-27.png\" alt=\"\" width=\"2220\" height=\"714\" srcset=\"https:\/\/www.cchen.cl\/wp-content\/uploads\/2026\/01\/reunion_inicio_ARCAL-26-27.png 2220w, https:\/\/www.cchen.cl\/wp-content\/uploads\/2026\/01\/reunion_inicio_ARCAL-26-27-300x96.png 300w, https:\/\/www.cchen.cl\/wp-content\/uploads\/2026\/01\/reunion_inicio_ARCAL-26-27-1024x329.png 1024w, https:\/\/www.cchen.cl\/wp-content\/uploads\/2026\/01\/reunion_inicio_ARCAL-26-27-768x247.png 768w, https:\/\/www.cchen.cl\/wp-content\/uploads\/2026\/01\/reunion_inicio_ARCAL-26-27-1536x494.png 1536w, https:\/\/www.cchen.cl\/wp-content\/uploads\/2026\/01\/reunion_inicio_ARCAL-26-27-2048x659.png 2048w\" sizes=\"auto, (max-width: 2220px) 100vw, 2220px\" \/><\/p>\n<p><span style=\"font-weight: 400;\">Con la participaci\u00f3n de representantes institucionales, contrapartes nacionales y puntos focales, se desarroll\u00f3 una reuni\u00f3n de inicio del ciclo de proyectos regionales ARCAL 2026-2027, instancia orientada a alinear expectativas y fortalecer la coordinaci\u00f3n para la implementaci\u00f3n de la cooperaci\u00f3n t\u00e9cnica regional.<\/span><\/p>\n<p><span style=\"font-weight: 400;\">La actividad fue encabezada por el Director Ejecutivo (S) de la Comisi\u00f3n Chilena de Energ\u00eda Nuclear (<abbr class='c2c-text-hover' title='Comisi\u00f3n Chilena de Energ\u00eda Nuclear.'>CCHEN<\/abbr>) y Oficial Nacional de Enlace ante el Organismo Internacional de Energ\u00eda At\u00f3mica (OIEA), Richard Gonz\u00e1lez, y por la Coordinadora Nacional de ARCAL, Rommy Casanueva.<\/span><\/p>\n<p><span style=\"font-weight: 400;\">\u201cLos proyectos ARCAL 2026-2027 reflejan prioridades estrat\u00e9gicas para nuestro pa\u00eds y para la regi\u00f3n, en \u00e1mbitos tan clave como salud humana, tecnolog\u00edas con radiaci\u00f3n y seguridad alimentaria, entre otros. Se trata de una cooperaci\u00f3n que se construye con una mirada de largo plazo y con resultados concretos para nuestra sociedad\u201d, se\u00f1al\u00f3 el Director Ejecutivo (S) en sus palabras de inicio.<\/span><\/p>\n<p><span style=\"font-weight: 400;\">Durante su intervenci\u00f3n, Gonz\u00e1lez relev\u00f3 especialmente el acompa\u00f1amiento del OIEA, subrayando que su apoyo t\u00e9cnico y estrat\u00e9gico ha sido clave para que las capacidades nucleares se traduzcan en beneficios reales, siempre bajo el principio del uso pac\u00edfico de estas tecnolog\u00edas.<\/span><\/p>\n<p><span style=\"font-weight: 400;\">Asimismo, hizo un llamado al compromiso activo de las instituciones participantes, se\u00f1alando que el \u00e9xito del ciclo depender\u00e1 del rol que desempe\u00f1en las contrapartes nacionales y los puntos focales en la ejecuci\u00f3n efectiva de los proyectos.<\/span><\/p>\n<p><span style=\"font-weight: 400;\">Por su parte, la Coordinadora Nacional de ARCAL, Rommy Casanueva, destac\u00f3 la importancia de generar espacios de encuentro y coordinaci\u00f3n entre los equipos nacionales, como una forma de fortalecer la implementaci\u00f3n y maximizar el impacto de los proyectos desde un comienzo.<\/span><\/p>\n<p><span style=\"font-weight: 400;\">\u201cEste ciclo representa una oportunidad relevante para el pa\u00eds, tanto por los temas que aborda como por el contexto en que se desarrolla. Contar con contrapartes y puntos focales informados, articulados y comprometidos desde el inicio es clave para aprovechar plenamente la cooperaci\u00f3n regional\u201d, indic\u00f3 Casanueva.<\/span><\/p>\n<p><span style=\"font-weight: 400;\">El ciclo ARCAL 2026-2027 contempla la participaci\u00f3n de Chile en proyectos regionales vinculados al fortalecimiento de la medicina nuclear y la radioterapia, al desarrollo industrial mediante tecnolog\u00edas de radiaci\u00f3n, la seguridad alimentaria y la sostenibilidad de los sistemas agroalimentarios, as\u00ed como el fortalecimiento de la Red Regional de Reactores de Investigaci\u00f3n de Am\u00e9rica Latina y el Caribe (RIALC).<\/span><\/p>\n<p><span style=\"font-weight: 400;\">En el \u00e1mbito de la salud humana, Chile participa en el proyecto <\/span><i><span style=\"font-weight: 400;\">\u201cFortalecimiento de la disponibilidad de radiof\u00e1rmacos de alta calidad, seguros y costo-efectivos para mejorar la gesti\u00f3n del c\u00e1ncer en Am\u00e9rica Latina y el Caribe\u201d<\/span><\/i><span style=\"font-weight: 400;\">, cuya contraparte nacional es Mauricio Cabrera C\u00e1rdenas (<abbr class='c2c-text-hover' title='Comisi\u00f3n Chilena de Energ\u00eda Nuclear.'>CCHEN<\/abbr>), con Lorena Abarca Salinas (Ministerio de Salud) como punto focal en regulaci\u00f3n sanitaria.<\/span><\/p>\n<p><span style=\"font-weight: 400;\">Asimismo, el pa\u00eds integra el proyecto <\/span><i><span style=\"font-weight: 400;\">\u201cRayos de Esperanza: avanzar en el diagn\u00f3stico del c\u00e1ncer y el tratamiento con radioterapia mediante formaci\u00f3n, mejora de normas y alianzas\u201d<\/span><\/i><span style=\"font-weight: 400;\">, con Lorena Abarca Salinas (Ministerio de Salud) como contraparte nacional. Participan como puntos focales Felipe Carvajal Villarroel en radioterapia (Hospital Base Valdivia \/ Universidad de Chile), Rodrigo Pinilla Soto en medicina nuclear (Instituto Nacional del C\u00e1ncer), Mauricio Far\u00edas Araya en radiolog\u00eda diagn\u00f3stica y Cristian Parra Becerra en f\u00edsica m\u00e9dica, ambos de la Subsecretar\u00eda de Redes Asistenciales del MINSAL.<\/span><\/p>\n<p><span style=\"font-weight: 400;\">En materia de tecnolog\u00edas con radiaci\u00f3n, Chile forma parte del proyecto <\/span><i><span style=\"font-weight: 400;\">\u201cContribuci\u00f3n al desarrollo de la industria y fomento a la innovaci\u00f3n mediante el uso de tecnolog\u00eda de radiaci\u00f3n\u201d<\/span><\/i><span style=\"font-weight: 400;\">. La contraparte nacional es Jorge Gamarra Chamorro (<abbr class='c2c-text-hover' title='Comisi\u00f3n Chilena de Energ\u00eda Nuclear.'>CCHEN<\/abbr>), con la participaci\u00f3n de \u00c1lvaro Sep\u00falveda Luque (SAG) como punto focal fitosanitario, Sergio Reyes Mu\u00f1oz (Hospital Cl\u00ednico San Borja Arriar\u00e1n) en el \u00e1rea de salud, Humberto Palza Cordero (Universidad de Chile) en suprareciclaje de pol\u00edmeros, y el Centro Nacional de Conservaci\u00f3n y Restauraci\u00f3n (<abbr class='c2c-text-hover' title='Centro Nacional de Conservaci\u00f3n y Restauraci\u00f3n.'>CNCR<\/abbr>) en patrimonio cultural.<\/span><\/p>\n<p><span style=\"font-weight: 400;\">En el \u00e1mbito de alimentaci\u00f3n y agricultura, Chile participa en el proyecto <\/span><i><span style=\"font-weight: 400;\">\u201cMejora de la seguridad alimentaria y sostenibilidad de los sistemas agroalimentarios mediante t\u00e9cnicas nucleares avanzadas\u201d<\/span><\/i><span style=\"font-weight: 400;\">. En el caso de este proyecto, se est\u00e1 a la espera de la ratificaci\u00f3n de sus contrapartes.<\/span><\/p>\n<p><span style=\"font-weight: 400;\">Finalmente, Chile participa en el proyecto <\/span><i><span style=\"font-weight: 400;\">\u201cRIALC \u2013 Fortalecimiento de la Red Regional de Reactores de Investigaci\u00f3n en Am\u00e9rica Latina y el Caribe y vinculaci\u00f3n con las partes interesadas\u201d<\/span><\/i><span style=\"font-weight: 400;\">, a trav\u00e9s de Luis Manr\u00edquez L\u00f3pez y Renzo Crispieri Thomas, ambos de la Comisi\u00f3n Chilena de Energ\u00eda Nuclear, como contrapartes nacionales.<\/span><\/p>\n<p><span style=\"font-weight: 400;\">Desde la <abbr class='c2c-text-hover' title='Comisi\u00f3n Chilena de Energ\u00eda Nuclear.'>CCHEN<\/abbr> se reiter\u00f3 el compromiso institucional de acompa\u00f1ar este proceso y de seguir impulsando una cooperaci\u00f3n t\u00e9cnica que contribuya al desarrollo sostenible del pa\u00eds y de la regi\u00f3n.<\/span><\/p>\n","protected":false},"excerpt":{"rendered":"<p>Con la participaci\u00f3n de representantes institucionales, contrapartes nacionales y puntos focales, se desarroll\u00f3 una reuni\u00f3n de inicio del ciclo de proyectos regionales ARCAL 2026-2027, instancia orientada a alinear expectativas y fortalecer la coordinaci\u00f3n para la implementaci\u00f3n de la cooperaci\u00f3n t\u00e9cnica regional. La actividad fue encabezada por el Director Ejecutivo (S) de la Comisi\u00f3n Chilena de&#8230; <a class=\"read-more\" href=\"https:\/\/www.cchen.cl\/?p=8744\">Leer m\u00e1s >><\/a><\/p>\n","protected":false},"author":3,"featured_media":0,"comment_status":"closed","ping_status":"closed","sticky":false,"template":"","format":"standard","meta":{"footnotes":"","_links_to":"","_links_to_target":""},"categories":[17],"tags":[],"class_list":["post-8744","post","type-post","status-publish","format-standard","hentry","category-noticias"],"_links":{"self":[{"href":"https:\/\/www.cchen.cl\/index.php?rest_route=\/wp\/v2\/posts\/8744","targetHints":{"allow":["GET"]}}],"collection":[{"href":"https:\/\/www.cchen.cl\/index.php?rest_route=\/wp\/v2\/posts"}],"about":[{"href":"https:\/\/www.cchen.cl\/index.php?rest_route=\/wp\/v2\/types\/post"}],"author":[{"embeddable":true,"href":"https:\/\/www.cchen.cl\/index.php?rest_route=\/wp\/v2\/users\/3"}],"replies":[{"embeddable":true,"href":"https:\/\/www.cchen.cl\/index.php?rest_route=%2Fwp%2Fv2%2Fcomments&post=8744"}],"version-history":[{"count":1,"href":"https:\/\/www.cchen.cl\/index.php?rest_route=\/wp\/v2\/posts\/8744\/revisions"}],"predecessor-version":[{"id":8745,"href":"https:\/\/www.cchen.cl\/index.php?rest_route=\/wp\/v2\/posts\/8744\/revisions\/8745"}],"wp:attachment":[{"href":"https:\/\/www.cchen.cl\/index.php?rest_route=%2Fwp%2Fv2%2Fmedia&parent=8744"}],"wp:term":[{"taxonomy":"category","embeddable":true,"href":"https:\/\/www.cchen.cl\/index.php?rest_route=%2Fwp%2Fv2%2Fcategories&post=8744"},{"taxonomy":"post_tag","embeddable":true,"href":"https:\/\/www.cchen.cl\/index.php?rest_route=%2Fwp%2Fv2%2Ftags&post=8744"}],"curies":[{"name":"wp","href":"https:\/\/api.w.org\/{rel}","templated":true}]}}