{"id":8874,"date":"2026-04-23T16:06:45","date_gmt":"2026-04-23T20:06:45","guid":{"rendered":"https:\/\/www.cchen.cl\/?p=8874"},"modified":"2026-04-23T16:06:45","modified_gmt":"2026-04-23T20:06:45","slug":"profesionales-de-cchen-participan-en-la-3a-jornada-de-proteccion-radiologica-en-osorno","status":"publish","type":"post","link":"https:\/\/www.cchen.cl\/?p=8874","title":{"rendered":"Profesionales de CCHEN participan en la 3\u00aa Jornada de Protecci\u00f3n Radiol\u00f3gica en Osorno"},"content":{"rendered":"<p><img loading=\"lazy\" decoding=\"async\" class=\"aligncenter size-full wp-image-8873\" src=\"http:\/\/www.cchen.cl\/wp-content\/uploads\/2026\/04\/sochipra_1110x357.png\" alt=\"\" width=\"2200\" height=\"714\" srcset=\"https:\/\/www.cchen.cl\/wp-content\/uploads\/2026\/04\/sochipra_1110x357.png 2200w, https:\/\/www.cchen.cl\/wp-content\/uploads\/2026\/04\/sochipra_1110x357-300x97.png 300w, https:\/\/www.cchen.cl\/wp-content\/uploads\/2026\/04\/sochipra_1110x357-1024x332.png 1024w, https:\/\/www.cchen.cl\/wp-content\/uploads\/2026\/04\/sochipra_1110x357-768x249.png 768w, https:\/\/www.cchen.cl\/wp-content\/uploads\/2026\/04\/sochipra_1110x357-1536x499.png 1536w, https:\/\/www.cchen.cl\/wp-content\/uploads\/2026\/04\/sochipra_1110x357-2048x665.png 2048w\" sizes=\"auto, (max-width: 2200px) 100vw, 2200px\" \/><\/p>\n<p><span style=\"font-weight: 400;\">La Comisi\u00f3n Chilena de Energ\u00eda Nuclear (<abbr class='c2c-text-hover' title='Comisi\u00f3n Chilena de Energ\u00eda Nuclear.'>CCHEN<\/abbr>) particip\u00f3 activamente en la 3\u00aa Jornada de Protecci\u00f3n Radiol\u00f3gica organizada por la Sociedad Chilena de Protecci\u00f3n Radiol\u00f3gica, los d\u00edas 17 y 18 de abril de 2026, en Osorno.<\/span><\/p>\n<p><span style=\"font-weight: 400;\">El evento reuni\u00f3 a especialistas, profesionales, t\u00e9cnicos y estudiantes del \u00e1rea, constituy\u00e9ndose en un espacio de intercambio de experiencias y actualizaci\u00f3n en materias regulatorias, operacionales y de seguridad radiol\u00f3gica.<\/span><\/p>\n<p><span style=\"font-weight: 400;\">En representaci\u00f3n de la <abbr class='c2c-text-hover' title='Comisi\u00f3n Chilena de Energ\u00eda Nuclear.'>CCHEN<\/abbr>, participaron Miguel Aravena, inspector de la Divisi\u00f3n de Seguridad Nuclear y Radiol\u00f3gica; y Walter Vel\u00e1squez de la Unidad de Protecci\u00f3n Radiol\u00f3gica Ocupacional, quienes abordaron tem\u00e1ticas relevantes para el desarrollo seguro de actividades con radiaciones ionizantes en el pa\u00eds.<\/span><\/p>\n<p><span style=\"font-weight: 400;\">Miguel Aravena present\u00f3 acerca de la <\/span><i><span style=\"font-weight: 400;\">\u201cImplementaci\u00f3n de la Ley Marco de Autorizaciones Sectoriales y su impacto en las instalaciones en nuevos proyectos\u201d<\/span><\/i><span style=\"font-weight: 400;\">, donde analiz\u00f3 los principales desaf\u00edos regulatorios asociados a la modernizaci\u00f3n del sistema de permisos y su implicancia para titulares de instalaciones.<\/span><\/p>\n<p><span style=\"font-weight: 400;\">Por su parte, Walter Vel\u00e1squez expuso sobre <\/span><i><span style=\"font-weight: 400;\">\u201cProtecci\u00f3n radiol\u00f3gica en industria: visi\u00f3n de la protecci\u00f3n radiol\u00f3gica en sistemas industriales\u201d<\/span><\/i><span style=\"font-weight: 400;\">, destacando la importancia de la gesti\u00f3n de riesgos en entornos laborales y la aplicaci\u00f3n de principios de optimizaci\u00f3n en la protecci\u00f3n de trabajadores expuestos.<\/span><\/p>\n<p><span style=\"font-weight: 400;\">La participaci\u00f3n de profesionales de <abbr class='c2c-text-hover' title='Comisi\u00f3n Chilena de Energ\u00eda Nuclear.'>CCHEN<\/abbr> en esta jornada refuerza el compromiso institucional con la difusi\u00f3n del conocimiento t\u00e9cnico, el fortalecimiento de capacidades y la promoci\u00f3n de una cultura de seguridad radiol\u00f3gica a nivel nacional.<\/span><\/p>\n<p><span style=\"font-weight: 400;\">Estas instancias permiten, adem\u00e1s, consolidar v\u00ednculos con la comunidad especializada y contribuir al desarrollo de est\u00e1ndares que aseguren el uso seguro de las radiaciones ionizantes en Chile.<\/span><\/p>\n","protected":false},"excerpt":{"rendered":"<p>La Comisi\u00f3n Chilena de Energ\u00eda Nuclear (<abbr class='c2c-text-hover' title='Comisi\u00f3n Chilena de Energ\u00eda Nuclear.'>CCHEN<\/abbr>) particip\u00f3 activamente en la 3\u00aa Jornada de Protecci\u00f3n Radiol\u00f3gica organizada por la Sociedad Chilena de Protecci\u00f3n Radiol\u00f3gica, los d\u00edas 17 y 18 de abril de 2026, en Osorno. El evento reuni\u00f3 a especialistas, profesionales, t\u00e9cnicos y estudiantes del \u00e1rea, constituy\u00e9ndose en un espacio de intercambio de experiencias y&#8230; <a class=\"read-more\" href=\"https:\/\/www.cchen.cl\/?p=8874\">Leer m\u00e1s >><\/a><\/p>\n","protected":false},"author":3,"featured_media":0,"comment_status":"closed","ping_status":"closed","sticky":false,"template":"","format":"standard","meta":{"footnotes":"","_links_to":"","_links_to_target":""},"categories":[17],"tags":[],"class_list":["post-8874","post","type-post","status-publish","format-standard","hentry","category-noticias"],"_links":{"self":[{"href":"https:\/\/www.cchen.cl\/index.php?rest_route=\/wp\/v2\/posts\/8874","targetHints":{"allow":["GET"]}}],"collection":[{"href":"https:\/\/www.cchen.cl\/index.php?rest_route=\/wp\/v2\/posts"}],"about":[{"href":"https:\/\/www.cchen.cl\/index.php?rest_route=\/wp\/v2\/types\/post"}],"author":[{"embeddable":true,"href":"https:\/\/www.cchen.cl\/index.php?rest_route=\/wp\/v2\/users\/3"}],"replies":[{"embeddable":true,"href":"https:\/\/www.cchen.cl\/index.php?rest_route=%2Fwp%2Fv2%2Fcomments&post=8874"}],"version-history":[{"count":1,"href":"https:\/\/www.cchen.cl\/index.php?rest_route=\/wp\/v2\/posts\/8874\/revisions"}],"predecessor-version":[{"id":8875,"href":"https:\/\/www.cchen.cl\/index.php?rest_route=\/wp\/v2\/posts\/8874\/revisions\/8875"}],"wp:attachment":[{"href":"https:\/\/www.cchen.cl\/index.php?rest_route=%2Fwp%2Fv2%2Fmedia&parent=8874"}],"wp:term":[{"taxonomy":"category","embeddable":true,"href":"https:\/\/www.cchen.cl\/index.php?rest_route=%2Fwp%2Fv2%2Fcategories&post=8874"},{"taxonomy":"post_tag","embeddable":true,"href":"https:\/\/www.cchen.cl\/index.php?rest_route=%2Fwp%2Fv2%2Ftags&post=8874"}],"curies":[{"name":"wp","href":"https:\/\/api.w.org\/{rel}","templated":true}]}}