{"id":8887,"date":"2026-04-30T11:39:23","date_gmt":"2026-04-30T15:39:23","guid":{"rendered":"https:\/\/www.cchen.cl\/?p=8887"},"modified":"2026-04-30T11:39:23","modified_gmt":"2026-04-30T15:39:23","slug":"representante-del-oiea-conoce-capacidades-tecnicas-de-la-cchen","status":"publish","type":"post","link":"https:\/\/www.cchen.cl\/?p=8887","title":{"rendered":"Representante del OIEA conoce capacidades t\u00e9cnicas de la CCHEN"},"content":{"rendered":"<p><img loading=\"lazy\" decoding=\"async\" class=\"aligncenter size-full wp-image-8881\" src=\"http:\/\/www.cchen.cl\/wp-content\/uploads\/2026\/04\/visita_sperez_-scaled.jpg\" alt=\"\" width=\"2560\" height=\"957\" srcset=\"https:\/\/www.cchen.cl\/wp-content\/uploads\/2026\/04\/visita_sperez_-scaled.jpg 2560w, https:\/\/www.cchen.cl\/wp-content\/uploads\/2026\/04\/visita_sperez_-300x112.jpg 300w, https:\/\/www.cchen.cl\/wp-content\/uploads\/2026\/04\/visita_sperez_-1024x383.jpg 1024w, https:\/\/www.cchen.cl\/wp-content\/uploads\/2026\/04\/visita_sperez_-768x287.jpg 768w, https:\/\/www.cchen.cl\/wp-content\/uploads\/2026\/04\/visita_sperez_-1536x574.jpg 1536w, https:\/\/www.cchen.cl\/wp-content\/uploads\/2026\/04\/visita_sperez_-2048x765.jpg 2048w\" sizes=\"auto, (max-width: 2560px) 100vw, 2560px\" \/><\/p>\n<p><span style=\"font-weight: 400;\">El Centro de Estudios Nucleares La Reina de la Comisi\u00f3n Chilena de Energ\u00eda Nuclear (<abbr class='c2c-text-hover' title='Comisi\u00f3n Chilena de Energ\u00eda Nuclear.'>CCHEN<\/abbr>) recibi\u00f3 la visita del representante del Organismo Internacional de Energ\u00eda At\u00f3mica (OIEA), Sa\u00fal P\u00e9rez Piju\u00e1n, jefe de Secci\u00f3n de la Divisi\u00f3n de Am\u00e9rica Latina y el Caribe del Departamento de Cooperaci\u00f3n T\u00e9cnica. La agenda, que se desarroll\u00f3 del 27 al 30 de abril de 2026, contempl\u00f3 reuniones t\u00e9cnicas, recorridos por instalaciones estrat\u00e9gicas y actividades orientadas a fortalecer la cooperaci\u00f3n entre nuestro pa\u00eds y el organismo internacional.<\/span><\/p>\n<p><span style=\"font-weight: 400;\">La agenda comenz\u00f3 el lunes 27 con un encuentro con el director ejecutivo (s) de la <abbr class='c2c-text-hover' title='Comisi\u00f3n Chilena de Energ\u00eda Nuclear.'>CCHEN<\/abbr>, Richard Gonz\u00e1lez, junto a la coordinadora nacional de ARCAL, Rommy Casanueva; y representantes de la Oficina de Alianzas Estrat\u00e9gicas y Relaciones Internacionales de la <abbr class='c2c-text-hover' title='Comisi\u00f3n Chilena de Energ\u00eda Nuclear.'>CCHEN<\/abbr>. Luego, Sa\u00fal P\u00e9rez ofreci\u00f3 una charla abierta a la comunidad institucional y sostuvo reuniones con contrapartes de distintos proyectos ARCAL del ciclo 2026-2027.<\/span><\/p>\n<figure id=\"attachment_8883\" aria-describedby=\"caption-attachment-8883\" style=\"width: 1110px\" class=\"wp-caption aligncenter\"><img loading=\"lazy\" decoding=\"async\" class=\"size-full wp-image-8883\" src=\"http:\/\/www.cchen.cl\/wp-content\/uploads\/2026\/04\/reunion_1.png\" alt=\"\" width=\"1110\" height=\"500\" srcset=\"https:\/\/www.cchen.cl\/wp-content\/uploads\/2026\/04\/reunion_1.png 1110w, https:\/\/www.cchen.cl\/wp-content\/uploads\/2026\/04\/reunion_1-300x135.png 300w, https:\/\/www.cchen.cl\/wp-content\/uploads\/2026\/04\/reunion_1-1024x461.png 1024w, https:\/\/www.cchen.cl\/wp-content\/uploads\/2026\/04\/reunion_1-768x346.png 768w\" sizes=\"auto, (max-width: 1110px) 100vw, 1110px\" \/><figcaption id=\"caption-attachment-8883\" class=\"wp-caption-text\">La autoridad del OIEA fue recibida por el director ejecutivo (s) de la <abbr class='c2c-text-hover' title='Comisi\u00f3n Chilena de Energ\u00eda Nuclear.'>CCHEN<\/abbr>.<\/figcaption><\/figure>\n<figure id=\"attachment_8886\" aria-describedby=\"caption-attachment-8886\" style=\"width: 1110px\" class=\"wp-caption aligncenter\"><img loading=\"lazy\" decoding=\"async\" class=\"size-full wp-image-8886\" src=\"http:\/\/www.cchen.cl\/wp-content\/uploads\/2026\/04\/charla_2.jpg\" alt=\"\" width=\"1110\" height=\"500\" srcset=\"https:\/\/www.cchen.cl\/wp-content\/uploads\/2026\/04\/charla_2.jpg 1110w, https:\/\/www.cchen.cl\/wp-content\/uploads\/2026\/04\/charla_2-300x135.jpg 300w, https:\/\/www.cchen.cl\/wp-content\/uploads\/2026\/04\/charla_2-1024x461.jpg 1024w, https:\/\/www.cchen.cl\/wp-content\/uploads\/2026\/04\/charla_2-768x346.jpg 768w\" sizes=\"auto, (max-width: 1110px) 100vw, 1110px\" \/><figcaption id=\"caption-attachment-8886\" class=\"wp-caption-text\">Sa\u00fal P\u00e9rez ofreci\u00f3 una charla sobre cooperaci\u00f3n t\u00e9cnica del OIEA.<\/figcaption><\/figure>\n<p><span style=\"font-weight: 400;\">Por su parte, la visita incluy\u00f3 un recorrido por instalaciones de radiofarmacia, donde conoci\u00f3 procesos asociados al ciclotr\u00f3n, celdas de producci\u00f3n y control de calidad. Posteriormente, visit\u00f3 el reactor de investigaci\u00f3n <abbr class='c2c-text-hover' title='Reactor Experimental Chileno N\u00ba1, ubicado en el Centro de Estudios Nucleares La Reina.'>RECH-1<\/abbr>.<\/span><\/p>\n<figure id=\"attachment_8882\" aria-describedby=\"caption-attachment-8882\" style=\"width: 1110px\" class=\"wp-caption aligncenter\"><img loading=\"lazy\" decoding=\"async\" class=\"size-full wp-image-8882\" src=\"http:\/\/www.cchen.cl\/wp-content\/uploads\/2026\/04\/visita.jpg\" alt=\"\" width=\"1110\" height=\"500\" srcset=\"https:\/\/www.cchen.cl\/wp-content\/uploads\/2026\/04\/visita.jpg 1110w, https:\/\/www.cchen.cl\/wp-content\/uploads\/2026\/04\/visita-300x135.jpg 300w, https:\/\/www.cchen.cl\/wp-content\/uploads\/2026\/04\/visita-1024x461.jpg 1024w, https:\/\/www.cchen.cl\/wp-content\/uploads\/2026\/04\/visita-768x346.jpg 768w\" sizes=\"auto, (max-width: 1110px) 100vw, 1110px\" \/><figcaption id=\"caption-attachment-8882\" class=\"wp-caption-text\">Gustavo Sylvester del \u00e1rea de radiofarnacia durante la visita de Sa\u00fal P\u00e9rez al ciclotr\u00f3n.<\/figcaption><\/figure>\n<p><span style=\"font-weight: 400;\">De igual modo, particip\u00f3 en la grabaci\u00f3n del podcast \u201cConexiones Nucleares\u201d, bajo la tem\u00e1tica de los 50 a\u00f1os de radiofarmacia en Chile. En esta instancia particip\u00f3 junto a Leslie Vironneau, jefa del Departamento de Radiofarmacia de la <abbr class='c2c-text-hover' title='Comisi\u00f3n Chilena de Energ\u00eda Nuclear.'>CCHEN<\/abbr>, para abordar los avances y desaf\u00edos del \u00e1rea en el pa\u00eds y en la regi\u00f3n.<\/span><\/p>\n<figure id=\"attachment_8885\" aria-describedby=\"caption-attachment-8885\" style=\"width: 1110px\" class=\"wp-caption aligncenter\"><img loading=\"lazy\" decoding=\"async\" class=\"size-full wp-image-8885\" src=\"http:\/\/www.cchen.cl\/wp-content\/uploads\/2026\/04\/porcast.jpg\" alt=\"\" width=\"1110\" height=\"500\" srcset=\"https:\/\/www.cchen.cl\/wp-content\/uploads\/2026\/04\/porcast.jpg 1110w, https:\/\/www.cchen.cl\/wp-content\/uploads\/2026\/04\/porcast-300x135.jpg 300w, https:\/\/www.cchen.cl\/wp-content\/uploads\/2026\/04\/porcast-1024x461.jpg 1024w, https:\/\/www.cchen.cl\/wp-content\/uploads\/2026\/04\/porcast-768x346.jpg 768w\" sizes=\"auto, (max-width: 1110px) 100vw, 1110px\" \/><figcaption id=\"caption-attachment-8885\" class=\"wp-caption-text\">Grabaci\u00f3n del podcast \u201cConexiones nucleares\u201d de la <abbr class='c2c-text-hover' title='Comisi\u00f3n Chilena de Energ\u00eda Nuclear.'>CCHEN<\/abbr>.<\/figcaption><\/figure>\n<p><span style=\"font-weight: 400;\">La agenda del representante del OIEA tambi\u00e9n contempl\u00f3 actividades con instituciones vinculadas al \u00e1mbito de la salud y la investigaci\u00f3n, entre ellas la Fundaci\u00f3n Arturo L\u00f3pez P\u00e9rez\u00b4(FALP), el Hospital Exequiel Gonz\u00e1lez Cort\u00e9s y el Laboratorio de Toxinas Marinas de la Universidad de Chile, reforzando el trabajo colaborativo en aplicaciones nucleares para medicina, investigaci\u00f3n y desarrollo tecnol\u00f3gico.<\/span><\/p>\n<p><span style=\"font-weight: 400;\">Cabe destacar que un hito relevante de la semana fue su participaci\u00f3n, junto a Felipe Guevara, en representaci\u00f3n del director ejecutivo (s) de la <abbr class='c2c-text-hover' title='Comisi\u00f3n Chilena de Energ\u00eda Nuclear.'>CCHEN<\/abbr>, en la ceremonia de graduaci\u00f3n del M\u00e1ster Internacional de Radioterapia Avanzada que imparten la Universidad de los Andes y la FALP, con apoyo del OIEA. En esta quinta edici\u00f3n, siete profesionales del \u00e1rea m\u00e9dica, provenientes de Cuba, Nicaragua, Costa Rica y Paraguay, obtuvieron su t\u00edtulo.<\/span><\/p>\n","protected":false},"excerpt":{"rendered":"<p>El Centro de Estudios Nucleares La Reina de la Comisi\u00f3n Chilena de Energ\u00eda Nuclear (<abbr class='c2c-text-hover' title='Comisi\u00f3n Chilena de Energ\u00eda Nuclear.'>CCHEN<\/abbr>) recibi\u00f3 la visita del representante del Organismo Internacional de Energ\u00eda At\u00f3mica (OIEA), Sa\u00fal P\u00e9rez Piju\u00e1n, jefe de Secci\u00f3n de la Divisi\u00f3n de Am\u00e9rica Latina y el Caribe del Departamento de Cooperaci\u00f3n T\u00e9cnica. La agenda, que se desarroll\u00f3 del 27 al&#8230; <a class=\"read-more\" href=\"https:\/\/www.cchen.cl\/?p=8887\">Leer m\u00e1s >><\/a><\/p>\n","protected":false},"author":3,"featured_media":0,"comment_status":"closed","ping_status":"closed","sticky":false,"template":"","format":"standard","meta":{"footnotes":"","_links_to":"","_links_to_target":""},"categories":[17],"tags":[],"class_list":["post-8887","post","type-post","status-publish","format-standard","hentry","category-noticias"],"_links":{"self":[{"href":"https:\/\/www.cchen.cl\/index.php?rest_route=\/wp\/v2\/posts\/8887","targetHints":{"allow":["GET"]}}],"collection":[{"href":"https:\/\/www.cchen.cl\/index.php?rest_route=\/wp\/v2\/posts"}],"about":[{"href":"https:\/\/www.cchen.cl\/index.php?rest_route=\/wp\/v2\/types\/post"}],"author":[{"embeddable":true,"href":"https:\/\/www.cchen.cl\/index.php?rest_route=\/wp\/v2\/users\/3"}],"replies":[{"embeddable":true,"href":"https:\/\/www.cchen.cl\/index.php?rest_route=%2Fwp%2Fv2%2Fcomments&post=8887"}],"version-history":[{"count":1,"href":"https:\/\/www.cchen.cl\/index.php?rest_route=\/wp\/v2\/posts\/8887\/revisions"}],"predecessor-version":[{"id":8888,"href":"https:\/\/www.cchen.cl\/index.php?rest_route=\/wp\/v2\/posts\/8887\/revisions\/8888"}],"wp:attachment":[{"href":"https:\/\/www.cchen.cl\/index.php?rest_route=%2Fwp%2Fv2%2Fmedia&parent=8887"}],"wp:term":[{"taxonomy":"category","embeddable":true,"href":"https:\/\/www.cchen.cl\/index.php?rest_route=%2Fwp%2Fv2%2Fcategories&post=8887"},{"taxonomy":"post_tag","embeddable":true,"href":"https:\/\/www.cchen.cl\/index.php?rest_route=%2Fwp%2Fv2%2Ftags&post=8887"}],"curies":[{"name":"wp","href":"https:\/\/api.w.org\/{rel}","templated":true}]}}