{"id":8893,"date":"2026-04-30T13:20:34","date_gmt":"2026-04-30T17:20:34","guid":{"rendered":"https:\/\/www.cchen.cl\/?p=8893"},"modified":"2026-04-30T13:20:34","modified_gmt":"2026-04-30T17:20:34","slug":"especialistas-de-america-latina-y-el-caribe-se-graduan-en-chile-en-radioterapia-avanzada","status":"publish","type":"post","link":"https:\/\/www.cchen.cl\/?p=8893","title":{"rendered":"Especialistas de Am\u00e9rica Latina y el Caribe se grad\u00faan en Chile en radioterapia avanzada"},"content":{"rendered":"<p><img loading=\"lazy\" decoding=\"async\" class=\"aligncenter size-full wp-image-8892\" src=\"http:\/\/www.cchen.cl\/wp-content\/uploads\/2026\/04\/graduacion_.jpg\" alt=\"\" width=\"1110\" height=\"357\" srcset=\"https:\/\/www.cchen.cl\/wp-content\/uploads\/2026\/04\/graduacion_.jpg 1110w, https:\/\/www.cchen.cl\/wp-content\/uploads\/2026\/04\/graduacion_-300x96.jpg 300w, https:\/\/www.cchen.cl\/wp-content\/uploads\/2026\/04\/graduacion_-1024x329.jpg 1024w, https:\/\/www.cchen.cl\/wp-content\/uploads\/2026\/04\/graduacion_-768x247.jpg 768w\" sizes=\"auto, (max-width: 1110px) 100vw, 1110px\" \/><\/p>\n<p><span style=\"font-weight: 400;\">La Comisi\u00f3n Chilena de Energ\u00eda Nuclear (<abbr class='c2c-text-hover' title='Comisi\u00f3n Chilena de Energ\u00eda Nuclear.'>CCHEN<\/abbr>) se hizo parte este mi\u00e9rcoles 29 de abril de la ceremonia de graduaci\u00f3n de la quinta generaci\u00f3n del M\u00e1ster Internacional en Radioterapia Avanzada, programa desarrollado por la Universidad de los Andes junto a la Fundaci\u00f3n Arturo L\u00f3pez P\u00e9rez (FALP), y auspiciado por el Organismo Internacional de Energ\u00eda At\u00f3mica (OIEA).<\/span><\/p>\n<p><span style=\"font-weight: 400;\">La actividad reuni\u00f3 a autoridades acad\u00e9micas, a un representante del OIEA y a profesionales de distintos pa\u00edses de Am\u00e9rica Latina y el Caribe que finalizaron este programa de especializaci\u00f3n orientado al fortalecimiento de la oncolog\u00eda radioter\u00e1pica en la regi\u00f3n.<\/span><\/p>\n<p><span style=\"font-weight: 400;\">En representaci\u00f3n del director ejecutivo (s) de la <abbr class='c2c-text-hover' title='Comisi\u00f3n Chilena de Energ\u00eda Nuclear.'>CCHEN<\/abbr>, Richard Gonz\u00e1lez, el jefe de la Divisi\u00f3n de Investigaci\u00f3n y Aplicaciones Nucleares, Felipe Guevara, entreg\u00f3 unas palabras durante la ceremonia, destacando el valor de la cooperaci\u00f3n internacional y de la formaci\u00f3n avanzada en salud: \u201cEste programa representa la capacidad de la cooperaci\u00f3n internacional, la ciencia y la formaci\u00f3n de excelencia para ponerse al servicio de las personas\u201d, se\u00f1al\u00f3.<\/span><\/p>\n<figure id=\"attachment_8891\" aria-describedby=\"caption-attachment-8891\" style=\"width: 1110px\" class=\"wp-caption aligncenter\"><img loading=\"lazy\" decoding=\"async\" class=\"size-full wp-image-8891\" src=\"http:\/\/www.cchen.cl\/wp-content\/uploads\/2026\/04\/palabras_fguevara.jpg\" alt=\"\" width=\"1110\" height=\"500\" srcset=\"https:\/\/www.cchen.cl\/wp-content\/uploads\/2026\/04\/palabras_fguevara.jpg 1110w, https:\/\/www.cchen.cl\/wp-content\/uploads\/2026\/04\/palabras_fguevara-300x135.jpg 300w, https:\/\/www.cchen.cl\/wp-content\/uploads\/2026\/04\/palabras_fguevara-1024x461.jpg 1024w, https:\/\/www.cchen.cl\/wp-content\/uploads\/2026\/04\/palabras_fguevara-768x346.jpg 768w\" sizes=\"auto, (max-width: 1110px) 100vw, 1110px\" \/><figcaption id=\"caption-attachment-8891\" class=\"wp-caption-text\">Felipe Guevara, jefe de la Divisi\u00f3n de Investigaci\u00f3n y Aplicaciones Nucleares de la <abbr class='c2c-text-hover' title='Comisi\u00f3n Chilena de Energ\u00eda Nuclear.'>CCHEN<\/abbr>.<\/figcaption><\/figure>\n<p><span style=\"font-weight: 400;\">Asimismo, destac\u00f3 que el Mag\u00edster constituye \u201cuna respuesta concreta a uno de los desaf\u00edos m\u00e1s urgentes que enfrentan nuestros sistemas de salud: fortalecer las capacidades humanas y tecnol\u00f3gicas para ofrecer tratamientos oncol\u00f3gicos m\u00e1s seguros, precisos y oportunos en Am\u00e9rica Latina y el Caribe\u201d.<\/span><\/p>\n<p><span style=\"font-weight: 400;\">Durante su intervenci\u00f3n, Felipe Guevara tambi\u00e9n relev\u00f3 el rol que cumple Chile, a trav\u00e9s de la <abbr class='c2c-text-hover' title='Comisi\u00f3n Chilena de Energ\u00eda Nuclear.'>CCHEN<\/abbr>, como Oficial Nacional de Enlace ante el OIEA, fortaleciendo iniciativas de cooperaci\u00f3n t\u00e9cnica que permiten ampliar capacidades regionales en aplicaciones nucleares para la salud. \u201cEl avance tecnol\u00f3gico s\u00f3lo adquiere verdadero sentido cuando existen profesionales capaces de utilizarlo con criterio, humanidad y \u00e9tica\u201d, afirm\u00f3.<\/span><\/p>\n<p><span style=\"font-weight: 400;\">Por su parte, Sa\u00fal P\u00e9rez Piju\u00e1n, jefe de Secci\u00f3n de la Divisi\u00f3n de Am\u00e9rica Latina y el Caribe del Departamento de Cooperaci\u00f3n T\u00e9cnica del OIEA, destac\u00f3 el impacto regional que ha tenido este programa desde su creaci\u00f3n, contribuyendo a formar especialistas capaces de implementar tecnolog\u00edas avanzadas y fortalecer los sistemas de salud de sus respectivos pa\u00edses.<\/span><\/p>\n<figure id=\"attachment_8890\" aria-describedby=\"caption-attachment-8890\" style=\"width: 1110px\" class=\"wp-caption aligncenter\"><img loading=\"lazy\" decoding=\"async\" class=\"size-full wp-image-8890\" src=\"http:\/\/www.cchen.cl\/wp-content\/uploads\/2026\/04\/palabras_sperez.jpg\" alt=\"\" width=\"1110\" height=\"500\" srcset=\"https:\/\/www.cchen.cl\/wp-content\/uploads\/2026\/04\/palabras_sperez.jpg 1110w, https:\/\/www.cchen.cl\/wp-content\/uploads\/2026\/04\/palabras_sperez-300x135.jpg 300w, https:\/\/www.cchen.cl\/wp-content\/uploads\/2026\/04\/palabras_sperez-1024x461.jpg 1024w, https:\/\/www.cchen.cl\/wp-content\/uploads\/2026\/04\/palabras_sperez-768x346.jpg 768w\" sizes=\"auto, (max-width: 1110px) 100vw, 1110px\" \/><figcaption id=\"caption-attachment-8890\" class=\"wp-caption-text\">Sa\u00fal P\u00e9rez Piju\u00e1n, jefe de Secci\u00f3n de la Divisi\u00f3n de Am\u00e9rica Latina y el Caribe del Departamento de Cooperaci\u00f3n T\u00e9cnica del OIEA.<\/figcaption><\/figure>\n<p><span style=\"font-weight: 400;\">El M\u00e1ster en Radioterapia Avanzada se desarrolla en el marco del proyecto ARCAL \u201cMejora de la gesti\u00f3n de la radioterapia para el tratamiento del c\u00e1ncer de cuello uterino en Am\u00e9rica Latina y el Caribe\u201d (RLA6090), iniciativa que busca mejorar la calidad y la seguridad de los tratamientos radioterap\u00e9uticos para el c\u00e1ncer cervicouterino en la regi\u00f3n.<\/span><\/p>\n<p><span style=\"font-weight: 400;\">Desde su inicio en 2017 -y contando esta nueva generaci\u00f3n- el programa ha permitido formar a 45 onc\u00f3logos y onc\u00f3logas provenientes de distintos pa\u00edses de Am\u00e9rica Latina y el Caribe, consolidando una red regional de profesionales especializados en tecnolog\u00edas avanzadas aplicadas al tratamiento del c\u00e1ncer.<\/span><\/p>\n<p><span style=\"font-weight: 400;\">La <abbr class='c2c-text-hover' title='Comisi\u00f3n Chilena de Energ\u00eda Nuclear.'>CCHEN<\/abbr> felicit\u00f3 a las y los nuevos graduados, as\u00ed como a las instituciones organizadoras, por continuar impulsando iniciativas de cooperaci\u00f3n cient\u00edfica y formaci\u00f3n especializada que contribuyen al desarrollo de capacidades en salud para nuestra regi\u00f3n.<\/span><\/p>\n","protected":false},"excerpt":{"rendered":"<p>La Comisi\u00f3n Chilena de Energ\u00eda Nuclear (<abbr class='c2c-text-hover' title='Comisi\u00f3n Chilena de Energ\u00eda Nuclear.'>CCHEN<\/abbr>) se hizo parte este mi\u00e9rcoles 29 de abril de la ceremonia de graduaci\u00f3n de la quinta generaci\u00f3n del M\u00e1ster Internacional en Radioterapia Avanzada, programa desarrollado por la Universidad de los Andes junto a la Fundaci\u00f3n Arturo L\u00f3pez P\u00e9rez (FALP), y auspiciado por el Organismo Internacional de Energ\u00eda At\u00f3mica&#8230; <a class=\"read-more\" href=\"https:\/\/www.cchen.cl\/?p=8893\">Leer m\u00e1s >><\/a><\/p>\n","protected":false},"author":3,"featured_media":0,"comment_status":"closed","ping_status":"closed","sticky":false,"template":"","format":"standard","meta":{"footnotes":"","_links_to":"","_links_to_target":""},"categories":[17],"tags":[],"class_list":["post-8893","post","type-post","status-publish","format-standard","hentry","category-noticias"],"_links":{"self":[{"href":"https:\/\/www.cchen.cl\/index.php?rest_route=\/wp\/v2\/posts\/8893","targetHints":{"allow":["GET"]}}],"collection":[{"href":"https:\/\/www.cchen.cl\/index.php?rest_route=\/wp\/v2\/posts"}],"about":[{"href":"https:\/\/www.cchen.cl\/index.php?rest_route=\/wp\/v2\/types\/post"}],"author":[{"embeddable":true,"href":"https:\/\/www.cchen.cl\/index.php?rest_route=\/wp\/v2\/users\/3"}],"replies":[{"embeddable":true,"href":"https:\/\/www.cchen.cl\/index.php?rest_route=%2Fwp%2Fv2%2Fcomments&post=8893"}],"version-history":[{"count":1,"href":"https:\/\/www.cchen.cl\/index.php?rest_route=\/wp\/v2\/posts\/8893\/revisions"}],"predecessor-version":[{"id":8894,"href":"https:\/\/www.cchen.cl\/index.php?rest_route=\/wp\/v2\/posts\/8893\/revisions\/8894"}],"wp:attachment":[{"href":"https:\/\/www.cchen.cl\/index.php?rest_route=%2Fwp%2Fv2%2Fmedia&parent=8893"}],"wp:term":[{"taxonomy":"category","embeddable":true,"href":"https:\/\/www.cchen.cl\/index.php?rest_route=%2Fwp%2Fv2%2Fcategories&post=8893"},{"taxonomy":"post_tag","embeddable":true,"href":"https:\/\/www.cchen.cl\/index.php?rest_route=%2Fwp%2Fv2%2Ftags&post=8893"}],"curies":[{"name":"wp","href":"https:\/\/api.w.org\/{rel}","templated":true}]}}